{"id":9874,"date":"2017-11-01T03:19:37","date_gmt":"2017-11-01T03:19:37","guid":{"rendered":"http:\/\/todoapulmon-rafaela.com\/?p=9874"},"modified":"2017-11-01T03:19:37","modified_gmt":"2017-11-01T03:19:37","slug":"reconocimiento-y-agasajo-de-pyme-rural-a-atletas-locales","status":"publish","type":"post","link":"https:\/\/todoapulmon-rafaela.com\/index.php\/2017\/11\/01\/reconocimiento-y-agasajo-de-pyme-rural-a-atletas-locales\/","title":{"rendered":"Reconocimiento y agasajo de Pyme Rural a atletas locales"},"content":{"rendered":"<p class=\"m_5076280984468684520MsoListParagraphCxSpFirst\">En la tarde del martes se realiz\u00f3, en la sede de la Asociaci\u00f3n Mutual Pyme Rural de nuestra ciudad, un reconocimiento y agasajo a los atletas de nuestro medio que participaron con muy buenos resultados en los Juegos Nacionales Evita, realizados en Mar del Plata.<\/p>\n<p class=\"m_5076280984468684520MsoListParagraphCxSpFirst\">\u00abQueremos agasajar a todos los chicos por el desempe\u00f1o que tuvieron en Mar del Plata. Pyme Rural, haciendo uso de sus reglamentos y servicios, decidi\u00f3 esto porque consideramos que el deporte es muy importante para el desarrollo, sobre todo en esta edad juvenil. Por ello vamos a acompa\u00f1ar en todo lo que podamos en la actividad a estos chicos de ahora en adelante\u00bb, expres\u00f3 el presidente de la instituci\u00f3n, Adri\u00e1n Miretti.<\/p>\n<p class=\"m_5076280984468684520MsoListParagraphCxSpFirst\">Quien destac\u00f3 y agradeci\u00f3 el aporte fue Ceferino Mondino, entrenador y padre de Araceli Mondino, campeona de 80 metros con vallas. \u00abQuiero agradecer en nombre de todos los chicos, cre\u00edmos importante fortalecer el trabajo en equipo. Y clasificar a los Juegos Evita es muy importante, hay muchos chicos en Rafaela y la regi\u00f3n que tienen capacidades y talentos detectados, por eso lleg\u00f3 el momento de acompa\u00f1ar. Todos tienen un gran m\u00e9rito en haber clasificado y queremos destacar el trabajo de los profesores Ariel Magallanes y Leandro Bonamino, que le ponen mucha pasi\u00f3n\u00bb.<\/p>\n<p class=\"m_5076280984468684520MsoListParagraphCxSpFirst\">Los chicos, que adem\u00e1s recibieron un presente, fueron:<\/p>\n<p class=\"m_5076280984468684520MsoListParagraphCxSpFirst\">&#8211;\u00a0\u00a0\u00a0\u00a0\u00a0\u00a0\u00a0<u><\/u>Araceli Mondino (Campeona 80 metros con vallas)<u><\/u><u><\/u><\/p>\n<p class=\"m_5076280984468684520MsoListParagraphCxSpMiddle\"><u><\/u>&#8211;\u00a0\u00a0\u00a0\u00a0\u00a0\u00a0\u00a0<u><\/u>Camila Real (2\u00b0 Puesto \u2013 3000 m Marcha U17)<u><\/u><u><\/u><\/p>\n<p class=\"m_5076280984468684520MsoListParagraphCxSpMiddle\"><u><\/u>&#8211;\u00a0\u00a0\u00a0\u00a0\u00a0\u00a0\u00a0<u><\/u>Federica Bogado (4\u00b0 Puesto \u2013 Pentatl\u00f3n U14)<u><\/u><u><\/u><\/p>\n<p class=\"m_5076280984468684520MsoListParagraphCxSpMiddle\"><u><\/u>&#8211;\u00a0\u00a0\u00a0\u00a0\u00a0\u00a0\u00a0<u><\/u>Sabrina Rosa (Participaci\u00f3n en Salto Triple)<u><\/u><u><\/u><\/p>\n<p class=\"m_5076280984468684520MsoListParagraphCxSpMiddle\"><u><\/u>&#8211;\u00a0\u00a0\u00a0\u00a0\u00a0\u00a0\u00a0<u><\/u>Nain Schmitd (Participaci\u00f3n en Lanzamiento de Bala y Disco)<u><\/u><u><\/u><\/p>\n<p class=\"m_5076280984468684520MsoListParagraphCxSpMiddle\"><u><\/u>&#8211;\u00a0\u00a0\u00a0\u00a0\u00a0\u00a0\u00a0<u><\/u>Mateo Mendez (6\u00b0 Puesto \u2013 Lanzamiento de Martillo)<u><\/u><u><\/u><\/p>\n<p class=\"m_5076280984468684520MsoListParagraphCxSpMiddle\"><u><\/u>&#8211;\u00a0\u00a0\u00a0\u00a0\u00a0\u00a0\u00a0<u><\/u>Valentina Aballay (4\u00b0 Puesto \u2013 80 m Llanos)<u><\/u><u><\/u><\/p>\n<p class=\"m_5076280984468684520MsoListParagraphCxSpMiddle\"><u><\/u>&#8211;\u00a0\u00a0\u00a0\u00a0\u00a0\u00a0\u00a0<u><\/u>Lucas Su\u00e1rez (2\u00b0 Puesto \u2013 Hexatl\u00f3n)<u><\/u><u><\/u><\/p>\n<p class=\"m_5076280984468684520MsoListParagraphCxSpMiddle\"><u><\/u>&#8211;\u00a0\u00a0\u00a0\u00a0\u00a0\u00a0\u00a0<u><\/u>Brisa Cortesini (6\u00ba puesto-100 mts llanos).<\/p>\n<p class=\"m_5076280984468684520MsoListParagraphCxSpMiddle\">Cabe recordar que Araceli Mondino y Lucas Su\u00e1rez estar\u00e1n participando en el mes de diciembre en el Sudamericano U14 a realizarse en Bolivia.<\/p>\n<p class=\"m_5076280984468684520MsoListParagraphCxSpMiddle\"><img loading=\"lazy\" decoding=\"async\" class=\"alignnone size-medium wp-image-9876\" src=\"http:\/\/todoapulmon-rafaela.com\/wp-content\/uploads\/2017\/11\/Todos-juntos-pyme-rural-300x169.jpg\" alt=\"Todos juntos pyme rural\" width=\"300\" height=\"169\" srcset=\"https:\/\/todoapulmon-rafaela.com\/wp-content\/uploads\/2017\/11\/Todos-juntos-pyme-rural-300x169.jpg 300w, https:\/\/todoapulmon-rafaela.com\/wp-content\/uploads\/2017\/11\/Todos-juntos-pyme-rural-768x432.jpg 768w, https:\/\/todoapulmon-rafaela.com\/wp-content\/uploads\/2017\/11\/Todos-juntos-pyme-rural-1024x576.jpg 1024w, https:\/\/todoapulmon-rafaela.com\/wp-content\/uploads\/2017\/11\/Todos-juntos-pyme-rural.jpg 1280w\" sizes=\"(max-width: 300px) 100vw, 300px\" \/><\/p>\n","protected":false},"excerpt":{"rendered":"<p>En la tarde del martes se realiz\u00f3, en la sede de la Asociaci\u00f3n Mutual Pyme Rural de nuestra ciudad, un<\/p>\n","protected":false},"author":2,"featured_media":9875,"comment_status":"open","ping_status":"open","sticky":false,"template":"","format":"standard","meta":{"footnotes":""},"categories":[7],"tags":[],"class_list":["post-9874","post","type-post","status-publish","format-standard","has-post-thumbnail","hentry","category-atletismo"],"cc_featured_image_caption":{"caption_text":"Parados: Valentina Aballay, Brisa Cortesini, Nain Schmidt y Lucas Su\u00e1rez. Sentados: Araceli Mondino, Sabrina Rosa, Federica Bogado, Camila Real y Mateo Mendez.","source_text":"","source_url":""},"_links":{"self":[{"href":"https:\/\/todoapulmon-rafaela.com\/index.php\/wp-json\/wp\/v2\/posts\/9874"}],"collection":[{"href":"https:\/\/todoapulmon-rafaela.com\/index.php\/wp-json\/wp\/v2\/posts"}],"about":[{"href":"https:\/\/todoapulmon-rafaela.com\/index.php\/wp-json\/wp\/v2\/types\/post"}],"author":[{"embeddable":true,"href":"https:\/\/todoapulmon-rafaela.com\/index.php\/wp-json\/wp\/v2\/users\/2"}],"replies":[{"embeddable":true,"href":"https:\/\/todoapulmon-rafaela.com\/index.php\/wp-json\/wp\/v2\/comments?post=9874"}],"version-history":[{"count":1,"href":"https:\/\/todoapulmon-rafaela.com\/index.php\/wp-json\/wp\/v2\/posts\/9874\/revisions"}],"predecessor-version":[{"id":9877,"href":"https:\/\/todoapulmon-rafaela.com\/index.php\/wp-json\/wp\/v2\/posts\/9874\/revisions\/9877"}],"wp:featuredmedia":[{"embeddable":true,"href":"https:\/\/todoapulmon-rafaela.com\/index.php\/wp-json\/wp\/v2\/media\/9875"}],"wp:attachment":[{"href":"https:\/\/todoapulmon-rafaela.com\/index.php\/wp-json\/wp\/v2\/media?parent=9874"}],"wp:term":[{"taxonomy":"category","embeddable":true,"href":"https:\/\/todoapulmon-rafaela.com\/index.php\/wp-json\/wp\/v2\/categories?post=9874"},{"taxonomy":"post_tag","embeddable":true,"href":"https:\/\/todoapulmon-rafaela.com\/index.php\/wp-json\/wp\/v2\/tags?post=9874"}],"curies":[{"name":"wp","href":"https:\/\/api.w.org\/{rel}","templated":true}]}}