{"id":9749,"date":"2017-10-23T16:53:05","date_gmt":"2017-10-23T16:53:05","guid":{"rendered":"http:\/\/todoapulmon-rafaela.com\/?p=9749"},"modified":"2017-10-23T16:53:50","modified_gmt":"2017-10-23T16:53:50","slug":"omar-serrano-y-argentina-listos-para-el-panamericano","status":"publish","type":"post","link":"https:\/\/todoapulmon-rafaela.com\/index.php\/2017\/10\/23\/omar-serrano-y-argentina-listos-para-el-panamericano\/","title":{"rendered":"Omar Serrano y Argentina, listos para el Panamericano"},"content":{"rendered":"<p>Una nueva experiencia internacional con el seleccionado argentino de bochas afrontar\u00e1 Omar Serrano desde este martes, tratando de disfrutar como en las anteriores oportunidades en que represent\u00f3 al pa\u00eds (Sudamericanos de 2011 en C\u00f3rdoba y Mar del Plata en 2015).<\/p>\n<p>Desde ma\u00f1ana y hasta el s\u00e1bado 28 de octubre se llevar\u00e1 a cabo en Colonia Valdense, Uruguay, el Campeonato Panamericano Masculino, Copa \u201cNelson Martinez\u00bb, en las modalidades Individual, Parejas, Tercetos y Combinado; y Tiro de Precisi\u00f3n. El certamen es organizado por la Federaci\u00f3n Uruguaya de Bochas y fiscalizado por la Confederaci\u00f3n Panamericana de Bochas, con la participaci\u00f3n de 6 Confederaciones, Uruguay: Argentina, Brasil, Chile, Paraguay y Per\u00fa.<\/p>\n<p>La Selecci\u00f3n Argentina est\u00e1 integrada, adem\u00e1s del laureado jugador de nuestra ciudad, por estos deportistas: Ra\u00fal Basualdo (Buenos Aires), Alan Natali (Santa Fe), Pascual Ramirez (C\u00f3rdoba) y Francisco Spessot (Entre R\u00edos), con la direcci\u00f3n t\u00e9cnica de Francisco Mendieta (C\u00f3rdoba) y Juan Pablo Urra (Buenos Aires).<\/p>\n<p>EL PROGRAMA<br \/>\nLunes 23<br \/>\n15:00hs. Recepci\u00f3n de las Delegaciones<br \/>\n&#8211; Reconocimiento de canchas<br \/>\n20:00hs. Cena en el Estadio<\/p>\n<p>Martes 24<br \/>\n07:00hs. a 08:00hs. Desayuno en el Estadio<br \/>\n09:00hs. Reconocimiento de canchas<br \/>\n12:30hs. Almuerzo en el Estadio<br \/>\n14:00hs. Reconocimiento de canchas<br \/>\n15:00hs. Congreso T\u00e9cnico y sorteo en el Estadio<br \/>\n17:00hs. Apertura Oficial en el Estadio<br \/>\n18:00hs. Tiro de Precisi\u00f3n (Clasificatorio 1\u00b0 y 2\u00b0 opci\u00f3n)<br \/>\n21:30hs. Cena en el Estadio<\/p>\n<p>Mi\u00e9rcoles 25<br \/>\n07:00hs. a 08:00hs. Desayuno en el Estadio<br \/>\n09:00hs. Clasificatorio Panamericano Juego Combinado<br \/>\n10:30hs. Semifinales Panamericano Juego Combinado<br \/>\n13:30hs. Almuerzo en el Estadio<br \/>\n15:00hs. 1\u00b0 fecha Juegos Tercetos, Individual y Parejas<br \/>\n21:30hs. Cena en el Estadio<\/p>\n<p>Jueves 26<br \/>\n07:00hs. a 08:00hs. Desayuno en el Estadio<br \/>\n08:15hs. 2\u00b0 fecha Juegos Tercetos e Individual<br \/>\n12:30hs. Almuerzo en el Estadio<br \/>\n14:00hs. 2\u00b0 fecha Juego Parejas<br \/>\n16:30hs. 3\u00b0 fecha Juegos Tercetos e Individual<br \/>\n21:30hs. Cena en el Estadio<\/p>\n<p>Viernes 27<br \/>\n07:00hs. a 08:00hs. Desayuno en el Estadio<br \/>\n08:15hs. 3\u00b0 fecha Juego Parejas<br \/>\n10:15hs. 4\u00b0 fecha Juego Tercetos<br \/>\n12:30hs. Almuerzo en el Estadio<br \/>\n14:00hs. 4\u00b0 fecha Juegos Individual y Parejas<br \/>\n18:30hs. 5\u00b0 fecha Juego Tercetos<br \/>\n21:30hs. Cena en el Estadio<\/p>\n<p>S\u00e1bado 28<br \/>\n07:00hs. a 08:00hs. Desayuno en el Estadio<br \/>\n08:15hs. 5\u00b0 fecha Juegos Individual y Parejas<br \/>\n13:00hs. Almuerzo en el Estadio<br \/>\n14:00hs. Final Panamericano Juego Combinado<br \/>\n15:30hs. Final Panamericano Tiro de Precisi\u00f3n<br \/>\n16:00hs. Congreso de cierre<br \/>\n18:30hs. Ceremonia de Entrega de Premios<br \/>\n21:00hs. Cena de Clausura en el Estadio.<\/p>\n","protected":false},"excerpt":{"rendered":"<p>Una nueva experiencia internacional con el seleccionado argentino de bochas afrontar\u00e1 Omar Serrano desde este martes, tratando de disfrutar como<\/p>\n","protected":false},"author":2,"featured_media":9750,"comment_status":"open","ping_status":"open","sticky":false,"template":"","format":"standard","meta":{"footnotes":""},"categories":[27,24],"tags":[],"class_list":["post-9749","post","type-post","status-publish","format-standard","has-post-thumbnail","hentry","category-bochas","category-noticias-destacadas"],"cc_featured_image_caption":{"caption_text":"Serrano representar\u00e1 al pa\u00eds como en Mar del Plata (foto) hace dos a\u00f1os, en el nivel continental.","source_text":"","source_url":""},"_links":{"self":[{"href":"https:\/\/todoapulmon-rafaela.com\/index.php\/wp-json\/wp\/v2\/posts\/9749"}],"collection":[{"href":"https:\/\/todoapulmon-rafaela.com\/index.php\/wp-json\/wp\/v2\/posts"}],"about":[{"href":"https:\/\/todoapulmon-rafaela.com\/index.php\/wp-json\/wp\/v2\/types\/post"}],"author":[{"embeddable":true,"href":"https:\/\/todoapulmon-rafaela.com\/index.php\/wp-json\/wp\/v2\/users\/2"}],"replies":[{"embeddable":true,"href":"https:\/\/todoapulmon-rafaela.com\/index.php\/wp-json\/wp\/v2\/comments?post=9749"}],"version-history":[{"count":2,"href":"https:\/\/todoapulmon-rafaela.com\/index.php\/wp-json\/wp\/v2\/posts\/9749\/revisions"}],"predecessor-version":[{"id":9752,"href":"https:\/\/todoapulmon-rafaela.com\/index.php\/wp-json\/wp\/v2\/posts\/9749\/revisions\/9752"}],"wp:featuredmedia":[{"embeddable":true,"href":"https:\/\/todoapulmon-rafaela.com\/index.php\/wp-json\/wp\/v2\/media\/9750"}],"wp:attachment":[{"href":"https:\/\/todoapulmon-rafaela.com\/index.php\/wp-json\/wp\/v2\/media?parent=9749"}],"wp:term":[{"taxonomy":"category","embeddable":true,"href":"https:\/\/todoapulmon-rafaela.com\/index.php\/wp-json\/wp\/v2\/categories?post=9749"},{"taxonomy":"post_tag","embeddable":true,"href":"https:\/\/todoapulmon-rafaela.com\/index.php\/wp-json\/wp\/v2\/tags?post=9749"}],"curies":[{"name":"wp","href":"https:\/\/api.w.org\/{rel}","templated":true}]}}