{"id":9739,"date":"2017-10-22T23:26:45","date_gmt":"2017-10-22T23:26:45","guid":{"rendered":"http:\/\/todoapulmon-rafaela.com\/?p=9739"},"modified":"2017-10-22T23:26:45","modified_gmt":"2017-10-22T23:26:45","slug":"gran-debut-de-colucci-hauswirth-y-koch-en-miami","status":"publish","type":"post","link":"https:\/\/todoapulmon-rafaela.com\/index.php\/2017\/10\/22\/gran-debut-de-colucci-hauswirth-y-koch-en-miami\/","title":{"rendered":"Gran debut de Colucci, Hauswirth y Koch en Miami"},"content":{"rendered":"<p>Este domingo se llev\u00f3 a cabo el tria 70.3 en Miami, una de las importantes citas a nivel continental dentro del circuito de triatl\u00f3n. El mismo tuvo la presencia de cuatro representantes de nuestra ciudad, que forman parte del Tria Training Group que tiene a Joaqu\u00edn Avila como entrenador.<\/p>\n<p>Tres de ellos hac\u00edan su estreno en la distancia y los resultados llegaron con creces tras un gran esfuerzo. Fernando Colucci qued\u00f3 en el puesto 25 de su categor\u00eda (25 a 29 a\u00f1os), 227 en la general masculina y 252 en la absoluta, con un tiempazo de 5h19m43s. Los parciales fueron 38m21 en nado (1,900 km), 2h48m47s en ciclismo (90 km) y 1h47m20s en los 21 km. de running.<\/p>\n<p>Susana Hauswirth qued\u00f3 d\u00e9cima en su categor\u00eda (45 a 49 a\u00f1os), 78 en la general femenina y 683 en la absoluta, con un gran tiempo de 5h57m55s. Los parciales fueron: 48m44s en la nataci\u00f3n, 2h56m02s en ciclismo y 2h08m55 en pedestrismo.<\/p>\n<p>En tanto, Natalia Koch fue 51 en su categor\u00eda (40 a 44), 288 en la general femenina y 1558 en la absoluta, con un tiempo de 7h37m08s, producto de 55m29s en nataci\u00f3n; 3h48m02 en ciclismo y 2h39m46s en atletismo.<\/p>\n<p>Lamentablemente, Pablo Bainotti -que ya ten\u00eda experiencia en este tipo de pruebas- sufri\u00f3 un desgarro en el gemelo en el kil\u00f3metro 10 del pedestrismo, luego que tuviera un parcial de 37m22s en nataci\u00f3n y 2h37m29s en el ciclismo.<\/p>\n<p>Sin dudas, fue una gran participaci\u00f3n en un evento de mucho prestigio dentro de la especialidad, con m\u00e1s de 3.000 participantes, que premi\u00f3 los varios meses de preparaci\u00f3n en nuestra ciudad. El brasile\u00f1o Igor Amorelli, con 3h59m43s, fue el ganador de la competencia.<\/p>\n","protected":false},"excerpt":{"rendered":"<p>Este domingo se llev\u00f3 a cabo el tria 70.3 en Miami, una de las importantes citas a nivel continental dentro<\/p>\n","protected":false},"author":2,"featured_media":9740,"comment_status":"open","ping_status":"open","sticky":false,"template":"","format":"standard","meta":{"footnotes":""},"categories":[24,28],"tags":[],"class_list":["post-9739","post","type-post","status-publish","format-standard","has-post-thumbnail","hentry","category-noticias-destacadas","category-triatlon"],"cc_featured_image_caption":{"caption_text":"Natalia Koch, Susana Hauswirth, Pablo Bainotti y Fernando Colucci.","source_text":"","source_url":""},"_links":{"self":[{"href":"https:\/\/todoapulmon-rafaela.com\/index.php\/wp-json\/wp\/v2\/posts\/9739"}],"collection":[{"href":"https:\/\/todoapulmon-rafaela.com\/index.php\/wp-json\/wp\/v2\/posts"}],"about":[{"href":"https:\/\/todoapulmon-rafaela.com\/index.php\/wp-json\/wp\/v2\/types\/post"}],"author":[{"embeddable":true,"href":"https:\/\/todoapulmon-rafaela.com\/index.php\/wp-json\/wp\/v2\/users\/2"}],"replies":[{"embeddable":true,"href":"https:\/\/todoapulmon-rafaela.com\/index.php\/wp-json\/wp\/v2\/comments?post=9739"}],"version-history":[{"count":1,"href":"https:\/\/todoapulmon-rafaela.com\/index.php\/wp-json\/wp\/v2\/posts\/9739\/revisions"}],"predecessor-version":[{"id":9741,"href":"https:\/\/todoapulmon-rafaela.com\/index.php\/wp-json\/wp\/v2\/posts\/9739\/revisions\/9741"}],"wp:featuredmedia":[{"embeddable":true,"href":"https:\/\/todoapulmon-rafaela.com\/index.php\/wp-json\/wp\/v2\/media\/9740"}],"wp:attachment":[{"href":"https:\/\/todoapulmon-rafaela.com\/index.php\/wp-json\/wp\/v2\/media?parent=9739"}],"wp:term":[{"taxonomy":"category","embeddable":true,"href":"https:\/\/todoapulmon-rafaela.com\/index.php\/wp-json\/wp\/v2\/categories?post=9739"},{"taxonomy":"post_tag","embeddable":true,"href":"https:\/\/todoapulmon-rafaela.com\/index.php\/wp-json\/wp\/v2\/tags?post=9739"}],"curies":[{"name":"wp","href":"https:\/\/api.w.org\/{rel}","templated":true}]}}