{"id":9618,"date":"2017-10-14T21:23:32","date_gmt":"2017-10-14T21:23:32","guid":{"rendered":"http:\/\/todoapulmon-rafaela.com\/?p=9618"},"modified":"2017-10-14T21:23:32","modified_gmt":"2017-10-14T21:23:32","slug":"se-corren-los-42k-de-buenos-aires-con-varias-presencias-rafaelinas","status":"publish","type":"post","link":"https:\/\/todoapulmon-rafaela.com\/index.php\/2017\/10\/14\/se-corren-los-42k-de-buenos-aires-con-varias-presencias-rafaelinas\/","title":{"rendered":"Se corren los 42k de Buenos Aires con varias presencias rafaelinas"},"content":{"rendered":"<p>Con una importante presencia de runners de nuestra ciudad, este domingo 15 de octubre se realizar\u00e1\u00a0el Marat\u00f3n Internacional de Buenos Aires, el cual tendr\u00e1 la presencia de m\u00e1s de diez mil participantes, que lo convierten en el m\u00e1s grande de la regi\u00f3n y en esta oportunidad tendr\u00e1 una nueva edici\u00f3n del Campeonato Iberoamericano de esta distancia.<\/p>\n<p>En cuanto a presencia de grupos de running de nuestra ciudad, a modo de ejemplo destacamos que el team Wayra tendr\u00e1 la caracter\u00edstica de contar con una delegaci\u00f3n de seis debutantes en el evento: Natalia Bailetti, Maru Vigarra, Alejandra Gauchat, Sergio Yudicello, Marcelo Fiorito y Mauro Long, adem\u00e1s de la presencia del profesor Ariel Torres.<\/p>\n<p>En la fiesta del marat\u00f3n porte\u00f1o habr\u00e1 protagonistas de Kenia, Etiop\u00eda y Jap\u00f3n. La prueba es fiscalizada por la CADA y FAM, y se realiza sobre un nuevo circuito en la franja costera de la capital argentina, el que fue medido y certificado por el representante oficial de la IAAF, Jos\u00e9 Rodolfo Eichler.<\/p>\n<p>&nbsp;<\/p>\n","protected":false},"excerpt":{"rendered":"<p>Con una importante presencia de runners de nuestra ciudad, este domingo 15 de octubre se realizar\u00e1\u00a0el Marat\u00f3n Internacional de Buenos<\/p>\n","protected":false},"author":2,"featured_media":9619,"comment_status":"open","ping_status":"open","sticky":false,"template":"","format":"standard","meta":{"footnotes":""},"categories":[7,24],"tags":[],"class_list":["post-9618","post","type-post","status-publish","format-standard","has-post-thumbnail","hentry","category-atletismo","category-noticias-destacadas"],"cc_featured_image_caption":{"caption_text":"Los integrantes del team Wayra que correr\u00e1n en Buenos Aires.","source_text":"","source_url":""},"_links":{"self":[{"href":"https:\/\/todoapulmon-rafaela.com\/index.php\/wp-json\/wp\/v2\/posts\/9618"}],"collection":[{"href":"https:\/\/todoapulmon-rafaela.com\/index.php\/wp-json\/wp\/v2\/posts"}],"about":[{"href":"https:\/\/todoapulmon-rafaela.com\/index.php\/wp-json\/wp\/v2\/types\/post"}],"author":[{"embeddable":true,"href":"https:\/\/todoapulmon-rafaela.com\/index.php\/wp-json\/wp\/v2\/users\/2"}],"replies":[{"embeddable":true,"href":"https:\/\/todoapulmon-rafaela.com\/index.php\/wp-json\/wp\/v2\/comments?post=9618"}],"version-history":[{"count":1,"href":"https:\/\/todoapulmon-rafaela.com\/index.php\/wp-json\/wp\/v2\/posts\/9618\/revisions"}],"predecessor-version":[{"id":9620,"href":"https:\/\/todoapulmon-rafaela.com\/index.php\/wp-json\/wp\/v2\/posts\/9618\/revisions\/9620"}],"wp:featuredmedia":[{"embeddable":true,"href":"https:\/\/todoapulmon-rafaela.com\/index.php\/wp-json\/wp\/v2\/media\/9619"}],"wp:attachment":[{"href":"https:\/\/todoapulmon-rafaela.com\/index.php\/wp-json\/wp\/v2\/media?parent=9618"}],"wp:term":[{"taxonomy":"category","embeddable":true,"href":"https:\/\/todoapulmon-rafaela.com\/index.php\/wp-json\/wp\/v2\/categories?post=9618"},{"taxonomy":"post_tag","embeddable":true,"href":"https:\/\/todoapulmon-rafaela.com\/index.php\/wp-json\/wp\/v2\/tags?post=9618"}],"curies":[{"name":"wp","href":"https:\/\/api.w.org\/{rel}","templated":true}]}}