{"id":9557,"date":"2017-10-11T13:22:40","date_gmt":"2017-10-11T13:22:40","guid":{"rendered":"http:\/\/todoapulmon-rafaela.com\/?p=9557"},"modified":"2017-10-11T13:23:53","modified_gmt":"2017-10-11T13:23:53","slug":"araceli-mondino-es-campeona-de-los-evita","status":"publish","type":"post","link":"https:\/\/todoapulmon-rafaela.com\/index.php\/2017\/10\/11\/araceli-mondino-es-campeona-de-los-evita\/","title":{"rendered":"Araceli Mondino es campeona de los Evita"},"content":{"rendered":"<p>En la ma\u00f1ana de este mi\u00e9rcoles lleg\u00f3 la primera medalla de oro del atletismo del grupo del Nodo Rafaela que representa a la delegaci\u00f3n de Santa Fe. Fue a trav\u00e9s de Araceli Mondino, que tuvo una gran performance en los 80 metros con vallas y se llev\u00f3 la victoria con su mejor registro personal, en la categor\u00eda Sub 14.<\/p>\n<p>El martes hab\u00eda comenzado mostrando sus condiciones con el triunfo en la serie por la ma\u00f1ana de 13s09, que ya era su mejor marca. Por la tarde tambi\u00e9n gan\u00f3 la semifinal, estableciendo 13s07.<\/p>\n<p>De tal modo, era sin dudas una de las principales candidatas a ganar la final y lo demotr\u00f3, m\u00e1s all\u00e1 de haber quedado cuarta en el arranque de la carrera. Pero luego \u00abvol\u00f3\u00bb en el tramo decisivo para ganar bajando los 13s, ya que lo hizo en 12s77. En segundo lugar qued\u00f3 Miranda Recalde (Chubut) con 13s16 y el podio lo complet\u00f3 Catalina Gonz\u00e1lez Araujo con 13s59.<\/p>\n<p>Araceli, que entrena en el CEF 53, realiz\u00f3 una muy buena etapa final de preparaci\u00f3n junto a su padre Ceferino y pudo demostrarlo con estos resultados.<\/p>\n","protected":false},"excerpt":{"rendered":"<p>En la ma\u00f1ana de este mi\u00e9rcoles lleg\u00f3 la primera medalla de oro del atletismo del grupo del Nodo Rafaela que<\/p>\n","protected":false},"author":2,"featured_media":9559,"comment_status":"open","ping_status":"open","sticky":false,"template":"","format":"standard","meta":{"footnotes":""},"categories":[7,24],"tags":[],"class_list":["post-9557","post","type-post","status-publish","format-standard","has-post-thumbnail","hentry","category-atletismo","category-noticias-destacadas"],"cc_featured_image_caption":{"caption_text":"Araceli Mondino \"vol\u00f3\" en la final de 80m. con vallas. Fue la \u00fanica que baj\u00f3 los 13s.","source_text":"","source_url":""},"_links":{"self":[{"href":"https:\/\/todoapulmon-rafaela.com\/index.php\/wp-json\/wp\/v2\/posts\/9557"}],"collection":[{"href":"https:\/\/todoapulmon-rafaela.com\/index.php\/wp-json\/wp\/v2\/posts"}],"about":[{"href":"https:\/\/todoapulmon-rafaela.com\/index.php\/wp-json\/wp\/v2\/types\/post"}],"author":[{"embeddable":true,"href":"https:\/\/todoapulmon-rafaela.com\/index.php\/wp-json\/wp\/v2\/users\/2"}],"replies":[{"embeddable":true,"href":"https:\/\/todoapulmon-rafaela.com\/index.php\/wp-json\/wp\/v2\/comments?post=9557"}],"version-history":[{"count":1,"href":"https:\/\/todoapulmon-rafaela.com\/index.php\/wp-json\/wp\/v2\/posts\/9557\/revisions"}],"predecessor-version":[{"id":9558,"href":"https:\/\/todoapulmon-rafaela.com\/index.php\/wp-json\/wp\/v2\/posts\/9557\/revisions\/9558"}],"wp:featuredmedia":[{"embeddable":true,"href":"https:\/\/todoapulmon-rafaela.com\/index.php\/wp-json\/wp\/v2\/media\/9559"}],"wp:attachment":[{"href":"https:\/\/todoapulmon-rafaela.com\/index.php\/wp-json\/wp\/v2\/media?parent=9557"}],"wp:term":[{"taxonomy":"category","embeddable":true,"href":"https:\/\/todoapulmon-rafaela.com\/index.php\/wp-json\/wp\/v2\/categories?post=9557"},{"taxonomy":"post_tag","embeddable":true,"href":"https:\/\/todoapulmon-rafaela.com\/index.php\/wp-json\/wp\/v2\/tags?post=9557"}],"curies":[{"name":"wp","href":"https:\/\/api.w.org\/{rel}","templated":true}]}}