{"id":9527,"date":"2017-10-09T23:23:37","date_gmt":"2017-10-09T23:23:37","guid":{"rendered":"http:\/\/todoapulmon-rafaela.com\/?p=9527"},"modified":"2017-10-09T23:28:43","modified_gmt":"2017-10-09T23:28:43","slug":"luego-del-argentino-serrano-al-panamericano","status":"publish","type":"post","link":"https:\/\/todoapulmon-rafaela.com\/index.php\/2017\/10\/09\/luego-del-argentino-serrano-al-panamericano\/","title":{"rendered":"Luego del Argentino, Serrano al Panamericano"},"content":{"rendered":"<p>Tras la gran alegr\u00eda vivida en Ceres con la obtenci\u00f3n del campeonato argentino, en la modalidad tr\u00edos, Omar Serrano disfrutar\u00e1 en los pr\u00f3ximos d\u00edas de una nueva experiencia internacional.<\/p>\n<p>Este lunes, en Todo a Pulm\u00f3n radio, el cuatro veces campe\u00f3n nacional nos manifest\u00f3 que la Confederaci\u00f3n Argentina de Bochas le confirm\u00f3 su inclusi\u00f3n para el torneo Panamericano que se va a realizar en Uruguay, a partir del 23 de este mes. En la oportunidad disputar\u00e1 el Combinado, modalidad en que se consagrara en el Sudamericano de Mar del Plata hace dos a\u00f1os, y tambi\u00e9n est\u00e1 designado en parejas.<\/p>\n<p>Respecto a lo conseguido durante el fin de semana, Serrano dijo que \u00abfue un t\u00edtulo un tanto especial, porque fue en la ciudad donde nac\u00ed y ante la gente que uno tiene ahora la posibilidad de representar. Fue un muy buen torneo, con much\u00edsima gente durante todos los d\u00edas que se disput\u00f3\u00bb.<\/p>\n<p>Acot\u00f3 que \u00abten\u00edamos buenas expectativas tanto en parejas como en tr\u00edos, pero respetando el nivel de los dem\u00e1s equipos. Se nos termin\u00f3 dando en tr\u00edos y fue una gran alegr\u00eda\u00bb.<\/p>\n<p>Este es el audio de la nota:<\/p>\n<!--[if lt IE 9]><script>document.createElement('audio');<\/script><![endif]-->\n<audio class=\"wp-audio-shortcode\" id=\"audio-9527-1\" preload=\"none\" style=\"width: 100%;\" controls=\"controls\"><source type=\"audio\/mpeg\" src=\"http:\/\/todoapulmon-rafaela.com\/wp-content\/uploads\/2017\/10\/09-10-17-omar-serrano.mp3?_=1\" \/><a href=\"http:\/\/todoapulmon-rafaela.com\/wp-content\/uploads\/2017\/10\/09-10-17-omar-serrano.mp3\">http:\/\/todoapulmon-rafaela.com\/wp-content\/uploads\/2017\/10\/09-10-17-omar-serrano.mp3<\/a><\/audio>\n<p>&nbsp;<\/p>\n<p>&nbsp;<\/p>\n","protected":false},"excerpt":{"rendered":"<p>Tras la gran alegr\u00eda vivida en Ceres con la obtenci\u00f3n del campeonato argentino, en la modalidad tr\u00edos, Omar Serrano disfrutar\u00e1<\/p>\n","protected":false},"author":2,"featured_media":9537,"comment_status":"open","ping_status":"open","sticky":false,"template":"","format":"standard","meta":{"footnotes":""},"categories":[27,24],"tags":[],"class_list":["post-9527","post","type-post","status-publish","format-standard","has-post-thumbnail","hentry","category-bochas","category-noticias-destacadas"],"cc_featured_image_caption":{"caption_text":"El recuerdo de 2015, cuando jug\u00f3 el Sudamericano de Mar del Plata.","source_text":"","source_url":""},"_links":{"self":[{"href":"https:\/\/todoapulmon-rafaela.com\/index.php\/wp-json\/wp\/v2\/posts\/9527"}],"collection":[{"href":"https:\/\/todoapulmon-rafaela.com\/index.php\/wp-json\/wp\/v2\/posts"}],"about":[{"href":"https:\/\/todoapulmon-rafaela.com\/index.php\/wp-json\/wp\/v2\/types\/post"}],"author":[{"embeddable":true,"href":"https:\/\/todoapulmon-rafaela.com\/index.php\/wp-json\/wp\/v2\/users\/2"}],"replies":[{"embeddable":true,"href":"https:\/\/todoapulmon-rafaela.com\/index.php\/wp-json\/wp\/v2\/comments?post=9527"}],"version-history":[{"count":4,"href":"https:\/\/todoapulmon-rafaela.com\/index.php\/wp-json\/wp\/v2\/posts\/9527\/revisions"}],"predecessor-version":[{"id":9538,"href":"https:\/\/todoapulmon-rafaela.com\/index.php\/wp-json\/wp\/v2\/posts\/9527\/revisions\/9538"}],"wp:featuredmedia":[{"embeddable":true,"href":"https:\/\/todoapulmon-rafaela.com\/index.php\/wp-json\/wp\/v2\/media\/9537"}],"wp:attachment":[{"href":"https:\/\/todoapulmon-rafaela.com\/index.php\/wp-json\/wp\/v2\/media?parent=9527"}],"wp:term":[{"taxonomy":"category","embeddable":true,"href":"https:\/\/todoapulmon-rafaela.com\/index.php\/wp-json\/wp\/v2\/categories?post=9527"},{"taxonomy":"post_tag","embeddable":true,"href":"https:\/\/todoapulmon-rafaela.com\/index.php\/wp-json\/wp\/v2\/tags?post=9527"}],"curies":[{"name":"wp","href":"https:\/\/api.w.org\/{rel}","templated":true}]}}