{"id":9503,"date":"2017-10-08T18:03:54","date_gmt":"2017-10-08T18:03:54","guid":{"rendered":"http:\/\/todoapulmon-rafaela.com\/?p=9503"},"modified":"2017-10-08T18:03:54","modified_gmt":"2017-10-08T18:03:54","slug":"yoel-vargas-campeon-de-ruta-en-los-juegos-suramericanos","status":"publish","type":"post","link":"https:\/\/todoapulmon-rafaela.com\/index.php\/2017\/10\/08\/yoel-vargas-campeon-de-ruta-en-los-juegos-suramericanos\/","title":{"rendered":"Yoel Vargas, campe\u00f3n de ruta en los Juegos Suramericanos"},"content":{"rendered":"<p>Fue un cierre a toda orquesta para Yoel Vargas y el equipo argentino de ciclismo. El representante del Club Ciclista de Rafaela se consagr\u00f3 campe\u00f3n de la prueba en l\u00ednea de ruta de los Juegos Suramericanos de la Juventud, Santiago de Chile 2017, consiguiendo as\u00ed su segunda medalla dorada ya que en pista hab\u00eda logrado -junto a Alan Celentano- el t\u00edtulo en la velocidad por equipos.<\/p>\n<p>\u00abCoto\u00bb se impuso con un tiempo de 1h 29m 50s en un apretad\u00edsimo sprint final con el venezolano Francisco Pe\u00f1uela Sandoval (plata) y el brasile\u00f1o Gustavo de Oliveira Pereira, para luego desatar el festejo del seleccionado nacional que tiene a Daniel Capella como uno de sus entrenadores.<\/p>\n<table id=\"tabla-indicadores-3306\" class=\"series      D-CY     P-CY22P      table table-striped table-condensed\">\n<tbody>\n<tr class=\"datos-competencia fila\">\n<td class=\"numero\">6<\/td>\n<td class=\"nombre\"><a class=\"ver-detalle-participante  open\" href=\"https:\/\/www.santiago2017.com\/info\/participante\/16217\" rel=\"16217-3306\"><img decoding=\"async\" title=\"\" src=\"https:\/\/www.santiago2017.com\/uploads\/thumbnail\/organizacion\/50fd59d697ac3ccf632a03659136370b5d8e7c75.png\" alt=\"\" width=\"16px\" height=\"16px\" \/><img decoding=\"async\" class=\"icono_vermas\" src=\"https:\/\/www.santiago2017.com\/images\/icon-vermas.png\" alt=\"\" \/>\u00a0Yoel Agustin Vargas<\/a><\/td>\n<td class=\"equipo\">ARG<\/td>\n<td class=\"marca positivo POS\">1<\/td>\n<td class=\"marca positivo TIEMPO\">1h 29:50.00<\/td>\n<td class=\"posicion\" align=\"center\">1<\/td>\n<\/tr>\n<tr class=\"datos-competencia fila\">\n<td class=\"numero\">24<\/td>\n<td class=\"nombre\"><a class=\"ver-detalle-participante  open\" href=\"https:\/\/www.santiago2017.com\/info\/participante\/18069\" rel=\"18069-3306\"><img decoding=\"async\" title=\"\" src=\"https:\/\/www.santiago2017.com\/uploads\/thumbnail\/organizacion\/b4df10b1f61939c567eb54b69784296bd28f642d.png\" alt=\"\" width=\"16px\" height=\"16px\" \/><img decoding=\"async\" class=\"icono_vermas\" src=\"https:\/\/www.santiago2017.com\/images\/icon-vermas.png\" alt=\"\" \/>\u00a0Francisco Jose Pe\u00f1uela Sandoval<\/a><\/td>\n<td class=\"equipo\">VEN<\/td>\n<td class=\"marca positivo POS\">2<\/td>\n<td class=\"marca positivo TIEMPO\">1h 29:50.00<\/td>\n<td class=\"posicion\" align=\"center\">2<\/td>\n<\/tr>\n<tr class=\"datos-competencia fila\">\n<td class=\"numero\">26<\/td>\n<td class=\"nombre\"><a class=\"ver-detalle-participante  open\" href=\"https:\/\/www.santiago2017.com\/info\/participante\/19047\" rel=\"19047-3306\"><img decoding=\"async\" title=\"\" src=\"https:\/\/www.santiago2017.com\/uploads\/thumbnail\/organizacion\/4740fe812587abe9b0f63a3e02d9b07c54511ab5.png\" alt=\"\" width=\"16px\" height=\"16px\" \/><img decoding=\"async\" class=\"icono_vermas\" src=\"https:\/\/www.santiago2017.com\/images\/icon-vermas.png\" alt=\"\" \/>\u00a0Gustavo Xavier De Oliveira Pereira<\/a><\/td>\n<td class=\"equipo\">BRA<\/td>\n<td class=\"marca positivo POS\">3<\/td>\n<td class=\"marca positivo TIEMPO\">1h 29:50.00<\/td>\n<td class=\"posicion\" align=\"center\">3<\/td>\n<\/tr>\n<tr class=\"datos-competencia fila\">\n<td class=\"numero\">5<\/td>\n<td class=\"nombre\"><a class=\"ver-detalle-participante  open\" href=\"https:\/\/www.santiago2017.com\/info\/participante\/16222\" rel=\"16222-3306\"><img decoding=\"async\" title=\"\" src=\"https:\/\/www.santiago2017.com\/uploads\/thumbnail\/organizacion\/50fd59d697ac3ccf632a03659136370b5d8e7c75.png\" alt=\"\" width=\"16px\" height=\"16px\" \/><img decoding=\"async\" class=\"icono_vermas\" src=\"https:\/\/www.santiago2017.com\/images\/icon-vermas.png\" alt=\"\" \/>\u00a0Rodrigo Corro<\/a><\/td>\n<td class=\"equipo\">ARG<\/td>\n<td class=\"marca positivo POS\">4<\/td>\n<td class=\"marca positivo TIEMPO\">1h 30:14.00<\/td>\n<td class=\"posicion\" align=\"center\">4<\/td>\n<\/tr>\n<tr class=\"datos-competencia fila\">\n<td class=\"numero\">12<\/td>\n<td class=\"nombre\"><a class=\"ver-detalle-participante  open\" href=\"https:\/\/www.santiago2017.com\/info\/participante\/16574\" rel=\"16574-3306\"><img decoding=\"async\" title=\"\" src=\"https:\/\/www.santiago2017.com\/uploads\/thumbnail\/organizacion\/f41e4097dc8748f7b339978c56405024965cebd6.png\" alt=\"\" width=\"16px\" height=\"16px\" \/><img decoding=\"async\" class=\"icono_vermas\" src=\"https:\/\/www.santiago2017.com\/images\/icon-vermas.png\" alt=\"\" \/>\u00a0Jacob Thomas Decar Zu\u00f1iga<\/a><\/td>\n<td class=\"equipo\">CHI<\/td>\n<td class=\"marca positivo POS\">5<\/td>\n<td class=\"marca positivo TIEMPO\">1h 30:14.00<\/td>\n<td class=\"posicion\" align=\"center\">5<\/td>\n<\/tr>\n<tr class=\"datos-competencia fila\">\n<td class=\"numero\">27<\/td>\n<td class=\"nombre\"><a class=\"ver-detalle-participante  open\" href=\"https:\/\/www.santiago2017.com\/info\/participante\/19048\" rel=\"19048-3306\"><img decoding=\"async\" title=\"\" src=\"https:\/\/www.santiago2017.com\/uploads\/thumbnail\/organizacion\/e64358cc952d719bec0501f1aad8eec8dc115a98.png\" alt=\"\" width=\"16px\" height=\"16px\" \/><img decoding=\"async\" class=\"icono_vermas\" src=\"https:\/\/www.santiago2017.com\/images\/icon-vermas.png\" alt=\"\" \/>\u00a0Miguel Angel Hoyos Castro<\/a><\/td>\n<td class=\"equipo\">COL<\/td>\n<td class=\"marca positivo POS\">6<\/td>\n<td class=\"marca positivo TIEMPO\">00:00.00<\/td>\n<td class=\"posicion\" align=\"center\">6<\/td>\n<\/tr>\n<tr class=\"datos-competencia fila\">\n<td class=\"numero\">1<\/td>\n<td class=\"nombre\"><a class=\"ver-detalle-participante  open\" href=\"https:\/\/www.santiago2017.com\/info\/participante\/16234\" rel=\"16234-3306\"><img decoding=\"async\" title=\"\" src=\"https:\/\/www.santiago2017.com\/uploads\/thumbnail\/organizacion\/50fd59d697ac3ccf632a03659136370b5d8e7c75.png\" alt=\"\" width=\"16px\" height=\"16px\" \/><img decoding=\"async\" class=\"icono_vermas\" src=\"https:\/\/www.santiago2017.com\/images\/icon-vermas.png\" alt=\"\" \/>\u00a0Adrian Alberto Ya\u00f1ez<\/a><\/td>\n<td class=\"equipo\">ARG<\/td>\n<td class=\"marca positivo POS\">7<\/td>\n<td class=\"marca positivo TIEMPO\">1h 30:14.00<\/td>\n<td class=\"posicion\" align=\"center\">7<\/td>\n<\/tr>\n<tr class=\"datos-competencia fila\">\n<td class=\"numero\">22<\/td>\n<td class=\"nombre\"><a class=\"ver-detalle-participante  open\" href=\"https:\/\/www.santiago2017.com\/info\/participante\/18082\" rel=\"18082-3306\"><img decoding=\"async\" title=\"\" src=\"https:\/\/www.santiago2017.com\/uploads\/thumbnail\/organizacion\/b4df10b1f61939c567eb54b69784296bd28f642d.png\" alt=\"\" width=\"16px\" height=\"16px\" \/><img decoding=\"async\" class=\"icono_vermas\" src=\"https:\/\/www.santiago2017.com\/images\/icon-vermas.png\" alt=\"\" \/>\u00a0Antony Jose Sierra Ortiz<\/a><\/td>\n<td class=\"equipo\">VEN<\/td>\n<td class=\"marca positivo POS\">8<\/td>\n<td class=\"marca positivo TIEMPO\">1h 30:14.00<\/td>\n<td class=\"posicion\" align=\"center\">8<\/td>\n<\/tr>\n<tr class=\"datos-competencia fila\">\n<td class=\"numero\">15<\/td>\n<td class=\"nombre\"><a class=\"ver-detalle-participante  open\" href=\"https:\/\/www.santiago2017.com\/info\/participante\/16495\" rel=\"16495-3306\"><img decoding=\"async\" title=\"\" src=\"https:\/\/www.santiago2017.com\/uploads\/thumbnail\/organizacion\/e64358cc952d719bec0501f1aad8eec8dc115a98.png\" alt=\"\" width=\"16px\" height=\"16px\" \/><img decoding=\"async\" class=\"icono_vermas\" src=\"https:\/\/www.santiago2017.com\/images\/icon-vermas.png\" alt=\"\" \/>\u00a0Andres Giovanny Pardo Rojas<\/a><\/td>\n<td class=\"equipo\">COL<\/td>\n<td class=\"marca positivo POS\">9<\/td>\n<td class=\"marca positivo TIEMPO\">1h 30:15.00<\/td>\n<td class=\"posicion\" align=\"center\">9<\/td>\n<\/tr>\n<tr class=\"datos-competencia fila\">\n<td class=\"numero\">3<\/td>\n<td class=\"nombre\"><a class=\"ver-detalle-participante  open\" href=\"https:\/\/www.santiago2017.com\/info\/participante\/16183\" rel=\"16183-3306\"><img decoding=\"async\" title=\"\" src=\"https:\/\/www.santiago2017.com\/uploads\/thumbnail\/organizacion\/50fd59d697ac3ccf632a03659136370b5d8e7c75.png\" alt=\"\" width=\"16px\" height=\"16px\" \/><img decoding=\"async\" class=\"icono_vermas\" src=\"https:\/\/www.santiago2017.com\/images\/icon-vermas.png\" alt=\"\" \/>\u00a0Federico Guttlein<\/a><\/td>\n<td class=\"equipo\">ARG<\/td>\n<td class=\"marca positivo POS\">10<\/td>\n<td class=\"marca positivo TIEMPO\">1h 30:15.00<\/td>\n<td class=\"posicion\" align=\"center\">10<\/td>\n<\/tr>\n<tr class=\"datos-competencia fila\">\n<td class=\"numero\">14<\/td>\n<td class=\"nombre\"><a class=\"ver-detalle-participante  open\" href=\"https:\/\/www.santiago2017.com\/info\/participante\/16573\" rel=\"16573-3306\"><img decoding=\"async\" title=\"\" src=\"https:\/\/www.santiago2017.com\/uploads\/thumbnail\/organizacion\/f41e4097dc8748f7b339978c56405024965cebd6.png\" alt=\"\" width=\"16px\" height=\"16px\" \/><img decoding=\"async\" class=\"icono_vermas\" src=\"https:\/\/www.santiago2017.com\/images\/icon-vermas.png\" alt=\"\" \/>\u00a0Tomas Camilo Quiroz Martinez<\/a><\/td>\n<td class=\"equipo\">CHI<\/td>\n<td class=\"marca positivo POS\">11<\/td>\n<td class=\"marca positivo TIEMPO\">1h 30:15.00<\/td>\n<td class=\"posicion\" align=\"center\">11<\/td>\n<\/tr>\n<tr class=\"datos-competencia fila\">\n<td class=\"numero\">25<\/td>\n<td class=\"nombre\"><a class=\"ver-detalle-participante  open\" href=\"https:\/\/www.santiago2017.com\/info\/participante\/18072\" rel=\"18072-3306\"><img decoding=\"async\" title=\"\" src=\"https:\/\/www.santiago2017.com\/uploads\/thumbnail\/organizacion\/b4df10b1f61939c567eb54b69784296bd28f642d.png\" alt=\"\" width=\"16px\" height=\"16px\" \/><img decoding=\"async\" class=\"icono_vermas\" src=\"https:\/\/www.santiago2017.com\/images\/icon-vermas.png\" alt=\"\" \/>\u00a0Junior Enrique Rodriguez Chapellin<\/a><\/td>\n<td class=\"equipo\">VEN<\/td>\n<td class=\"marca positivo POS\">12<\/td>\n<td class=\"marca positivo TIEMPO\">1h 30:15.00<\/td>\n<td class=\"posicion\" align=\"center\">12<\/td>\n<\/tr>\n<tr class=\"datos-competencia fila\">\n<td class=\"numero\">21<\/td>\n<td class=\"nombre\"><a class=\"ver-detalle-participante  open\" href=\"https:\/\/www.santiago2017.com\/info\/participante\/15625\" rel=\"15625-3306\"><img decoding=\"async\" title=\"\" src=\"https:\/\/www.santiago2017.com\/uploads\/thumbnail\/organizacion\/1a6251965e461dbf29b489612f08335dc7b2d2cb.png\" alt=\"\" width=\"16px\" height=\"16px\" \/><img decoding=\"async\" class=\"icono_vermas\" src=\"https:\/\/www.santiago2017.com\/images\/icon-vermas.png\" alt=\"\" \/>\u00a0Lucas Alejandro Piano Cejas<\/a><\/td>\n<td class=\"equipo\">URU<\/td>\n<td class=\"marca positivo POS\">13<\/td>\n<td class=\"marca positivo TIEMPO\">1h 30:16.00<\/td>\n<td class=\"posicion\" align=\"center\">13<\/td>\n<\/tr>\n<tr class=\"datos-competencia fila\">\n<td class=\"numero\">2<\/td>\n<td class=\"nombre\"><a class=\"ver-detalle-participante  open\" href=\"https:\/\/www.santiago2017.com\/info\/participante\/16216\" rel=\"16216-3306\"><img decoding=\"async\" title=\"\" src=\"https:\/\/www.santiago2017.com\/uploads\/thumbnail\/organizacion\/50fd59d697ac3ccf632a03659136370b5d8e7c75.png\" alt=\"\" width=\"16px\" height=\"16px\" \/><img decoding=\"async\" class=\"icono_vermas\" src=\"https:\/\/www.santiago2017.com\/images\/icon-vermas.png\" alt=\"\" \/>\u00a0Alan Joel Celentano Isturiz<\/a><\/td>\n<td class=\"equipo\">ARG<\/td>\n<td class=\"marca positivo POS\">14<\/td>\n<td class=\"marca positivo TIEMPO\">1h 30:16.00<\/td>\n<td class=\"posicion\" align=\"center\">14<\/td>\n<\/tr>\n<tr class=\"datos-competencia fila\">\n<td class=\"numero\">8<\/td>\n<td class=\"nombre\"><a class=\"ver-detalle-participante  open\" href=\"https:\/\/www.santiago2017.com\/info\/participante\/18244\" rel=\"18244-3306\"><img decoding=\"async\" title=\"\" src=\"https:\/\/www.santiago2017.com\/uploads\/thumbnail\/organizacion\/4740fe812587abe9b0f63a3e02d9b07c54511ab5.png\" alt=\"\" width=\"16px\" height=\"16px\" \/><img decoding=\"async\" class=\"icono_vermas\" src=\"https:\/\/www.santiago2017.com\/images\/icon-vermas.png\" alt=\"\" \/>\u00a0Vinicius Guimaraes Da Cruz<\/a><\/td>\n<td class=\"equipo\">BRA<\/td>\n<td class=\"marca positivo POS\">15<\/td>\n<td class=\"marca positivo TIEMPO\">1h 30:17.00<\/td>\n<td class=\"posicion\" align=\"center\">15<\/td>\n<\/tr>\n<tr class=\"datos-competencia fila\">\n<td class=\"numero\">28<\/td>\n<td class=\"nombre\"><a class=\"ver-detalle-participante  open\" href=\"https:\/\/www.santiago2017.com\/info\/participante\/19049\" rel=\"19049-3306\"><img decoding=\"async\" title=\"\" src=\"https:\/\/www.santiago2017.com\/uploads\/thumbnail\/organizacion\/9a36370f24efd29272f6765f93c2c6695f4bae44.png\" alt=\"\" width=\"16px\" height=\"16px\" \/><img decoding=\"async\" class=\"icono_vermas\" src=\"https:\/\/www.santiago2017.com\/images\/icon-vermas.png\" alt=\"\" \/>\u00a0Romulo Edmundo Moscoso Roman<\/a><\/td>\n<td class=\"equipo\">ECU<\/td>\n<td class=\"marca positivo POS\">16<\/td>\n<td class=\"marca positivo TIEMPO\">00:00.00<\/td>\n<td class=\"posicion\" align=\"center\">16<\/td>\n<\/tr>\n<tr class=\"datos-competencia fila\">\n<td class=\"numero\">7<\/td>\n<td class=\"nombre\"><a class=\"ver-detalle-participante  open\" href=\"https:\/\/www.santiago2017.com\/info\/participante\/18098\" rel=\"18098-3306\"><img decoding=\"async\" title=\"\" src=\"https:\/\/www.santiago2017.com\/uploads\/thumbnail\/organizacion\/4740fe812587abe9b0f63a3e02d9b07c54511ab5.png\" alt=\"\" width=\"16px\" height=\"16px\" \/><img decoding=\"async\" class=\"icono_vermas\" src=\"https:\/\/www.santiago2017.com\/images\/icon-vermas.png\" alt=\"\" \/>\u00a0Artur Guarda Simeoni<\/a><\/td>\n<td class=\"equipo\">BRA<\/td>\n<td class=\"marca positivo POS\">17<\/td>\n<td class=\"marca positivo TIEMPO\">1h 30:19.00<\/td>\n<td class=\"posicion\" align=\"center\">17<\/td>\n<\/tr>\n<tr class=\"datos-competencia fila\">\n<td class=\"numero\">16<\/td>\n<td class=\"nombre\"><a class=\"ver-detalle-participante  open\" href=\"https:\/\/www.santiago2017.com\/info\/participante\/16457\" rel=\"16457-3306\"><img decoding=\"async\" title=\"\" src=\"https:\/\/www.santiago2017.com\/uploads\/thumbnail\/organizacion\/e64358cc952d719bec0501f1aad8eec8dc115a98.png\" alt=\"\" width=\"16px\" height=\"16px\" \/><img decoding=\"async\" class=\"icono_vermas\" src=\"https:\/\/www.santiago2017.com\/images\/icon-vermas.png\" alt=\"\" \/>\u00a0Juan Pablo Lopera Urrego<\/a><\/td>\n<td class=\"equipo\">COL<\/td>\n<td class=\"marca positivo POS\">18<\/td>\n<td class=\"marca positivo TIEMPO\">1h 30:21.00<\/td>\n<td class=\"posicion\" align=\"center\">18<\/td>\n<\/tr>\n<tr class=\"datos-competencia fila\">\n<td class=\"numero\">10<\/td>\n<td class=\"nombre\"><a class=\"ver-detalle-participante  open\" href=\"https:\/\/www.santiago2017.com\/info\/participante\/16579\" rel=\"16579-3306\"><img decoding=\"async\" title=\"\" src=\"https:\/\/www.santiago2017.com\/uploads\/thumbnail\/organizacion\/f41e4097dc8748f7b339978c56405024965cebd6.png\" alt=\"\" width=\"16px\" height=\"16px\" \/><img decoding=\"async\" class=\"icono_vermas\" src=\"https:\/\/www.santiago2017.com\/images\/icon-vermas.png\" alt=\"\" \/>\u00a0Hector Exequiel Quintana Vidal<\/a><\/td>\n<td class=\"equipo\">CHI<\/td>\n<td class=\"marca positivo POS\">19<\/td>\n<td class=\"marca positivo TIEMPO\">1h 30:25.00<\/td>\n<td class=\"posicion\" align=\"center\">19<\/td>\n<\/tr>\n<tr class=\"datos-competencia fila\">\n<td class=\"numero\">29<\/td>\n<td class=\"nombre\"><a class=\"ver-detalle-participante  open\" href=\"https:\/\/www.santiago2017.com\/info\/participante\/19050\" rel=\"19050-3306\"><img decoding=\"async\" title=\"\" src=\"https:\/\/www.santiago2017.com\/uploads\/thumbnail\/organizacion\/e64358cc952d719bec0501f1aad8eec8dc115a98.png\" alt=\"\" width=\"16px\" height=\"16px\" \/><img decoding=\"async\" class=\"icono_vermas\" src=\"https:\/\/www.santiago2017.com\/images\/icon-vermas.png\" alt=\"\" \/>\u00a0Juan Jose Santamaria Madrid<\/a><\/td>\n<td class=\"equipo\">COL<\/td>\n<td class=\"marca positivo POS\">20<\/td>\n<td class=\"marca positivo TIEMPO\">00:00.00<\/td>\n<td class=\"posicion\" align=\"center\">20<\/td>\n<\/tr>\n<tr class=\"datos-competencia fila\">\n<td class=\"numero\">18<\/td>\n<td class=\"nombre\"><a class=\"ver-detalle-participante  open\" href=\"https:\/\/www.santiago2017.com\/info\/participante\/17797\" rel=\"17797-3306\"><img decoding=\"async\" title=\"\" src=\"https:\/\/www.santiago2017.com\/uploads\/thumbnail\/organizacion\/c98a69ec32107910fdccbe473d8aa60d06757625.png\" alt=\"\" width=\"16px\" height=\"16px\" \/><img decoding=\"async\" class=\"icono_vermas\" src=\"https:\/\/www.santiago2017.com\/images\/icon-vermas.png\" alt=\"\" \/>\u00a0Edgar Fabian Arias Salinas<\/a><\/td>\n<td class=\"equipo\">PAR<\/td>\n<td class=\"marca positivo POS\">21<\/td>\n<td class=\"marca positivo TIEMPO\">1h 31:15.00<\/td>\n<td class=\"posicion\" align=\"center\">21<\/td>\n<\/tr>\n<tr class=\"datos-competencia fila\">\n<td class=\"numero\">30<\/td>\n<td class=\"nombre\"><a class=\"ver-detalle-participante  open\" href=\"https:\/\/www.santiago2017.com\/info\/participante\/19051\" rel=\"19051-3306\"><img decoding=\"async\" title=\"\" src=\"https:\/\/www.santiago2017.com\/uploads\/thumbnail\/organizacion\/e64358cc952d719bec0501f1aad8eec8dc115a98.png\" alt=\"\" width=\"16px\" height=\"16px\" \/><img decoding=\"async\" class=\"icono_vermas\" src=\"https:\/\/www.santiago2017.com\/images\/icon-vermas.png\" alt=\"\" \/>\u00a0Jeronimo Bedoya Botero<\/a><\/td>\n<td class=\"equipo\">COL<\/td>\n<td class=\"marca positivo POS\">22<\/td>\n<td class=\"marca positivo TIEMPO\">00:00.00<\/td>\n<td class=\"posicion\" align=\"center\">22<\/td>\n<\/tr>\n<\/tbody>\n<\/table>\n","protected":false},"excerpt":{"rendered":"<p>Fue un cierre a toda orquesta para Yoel Vargas y el equipo argentino de ciclismo. El representante del Club Ciclista<\/p>\n","protected":false},"author":2,"featured_media":9504,"comment_status":"open","ping_status":"open","sticky":false,"template":"","format":"standard","meta":{"footnotes":""},"categories":[4,24],"tags":[],"class_list":["post-9503","post","type-post","status-publish","format-standard","has-post-thumbnail","hentry","category-ciclismo","category-noticias-destacadas"],"cc_featured_image_caption":{"caption_text":"Yoel se consagr\u00f3 en una gran carrera y sum\u00f3 su segundo oro (Foto Miade Valdez).","source_text":"","source_url":""},"_links":{"self":[{"href":"https:\/\/todoapulmon-rafaela.com\/index.php\/wp-json\/wp\/v2\/posts\/9503"}],"collection":[{"href":"https:\/\/todoapulmon-rafaela.com\/index.php\/wp-json\/wp\/v2\/posts"}],"about":[{"href":"https:\/\/todoapulmon-rafaela.com\/index.php\/wp-json\/wp\/v2\/types\/post"}],"author":[{"embeddable":true,"href":"https:\/\/todoapulmon-rafaela.com\/index.php\/wp-json\/wp\/v2\/users\/2"}],"replies":[{"embeddable":true,"href":"https:\/\/todoapulmon-rafaela.com\/index.php\/wp-json\/wp\/v2\/comments?post=9503"}],"version-history":[{"count":1,"href":"https:\/\/todoapulmon-rafaela.com\/index.php\/wp-json\/wp\/v2\/posts\/9503\/revisions"}],"predecessor-version":[{"id":9505,"href":"https:\/\/todoapulmon-rafaela.com\/index.php\/wp-json\/wp\/v2\/posts\/9503\/revisions\/9505"}],"wp:featuredmedia":[{"embeddable":true,"href":"https:\/\/todoapulmon-rafaela.com\/index.php\/wp-json\/wp\/v2\/media\/9504"}],"wp:attachment":[{"href":"https:\/\/todoapulmon-rafaela.com\/index.php\/wp-json\/wp\/v2\/media?parent=9503"}],"wp:term":[{"taxonomy":"category","embeddable":true,"href":"https:\/\/todoapulmon-rafaela.com\/index.php\/wp-json\/wp\/v2\/categories?post=9503"},{"taxonomy":"post_tag","embeddable":true,"href":"https:\/\/todoapulmon-rafaela.com\/index.php\/wp-json\/wp\/v2\/tags?post=9503"}],"curies":[{"name":"wp","href":"https:\/\/api.w.org\/{rel}","templated":true}]}}