{"id":9485,"date":"2017-10-08T12:56:38","date_gmt":"2017-10-08T12:56:38","guid":{"rendered":"http:\/\/todoapulmon-rafaela.com\/?p=9485"},"modified":"2017-10-08T12:59:44","modified_gmt":"2017-10-08T12:59:44","slug":"pedro-emmert-y-su-alegria-tras-el-triunfo-en-formosa","status":"publish","type":"post","link":"https:\/\/todoapulmon-rafaela.com\/index.php\/2017\/10\/08\/pedro-emmert-y-su-alegria-tras-el-triunfo-en-formosa\/","title":{"rendered":"Pedro Emmert y su alegr\u00eda tras el triunfo en Formosa"},"content":{"rendered":"<p>Luego de su triunfo en la fecha de la Copa Sudamericana de Triatl\u00f3n en Formosa, en la categor\u00eda Yog, el rafaelino Pedro Emmert fue nota en Todo a Pulm\u00f3n radio durante la semana.<\/p>\n<p>\u00abLa verdad que estoy muy contento. No me esperaba ganar, hab\u00eda viajado a Formosa con las expectativas de hacer podio. Sent\u00eda que estaba preparado para conseguirlo, pero no imaginaba el primer puesto\u00bb, expres\u00f3 en sus primeras palabras.<\/p>\n<p>La competencia fue en la modalidad S\u00faper Sprint, es decir\u00a0400 metros de nado, 10 km. de ciclismo y 2,5 km. de pedestrismo. Acot\u00f3 que \u00abestuvo lindo porque hubo chicos de Paraguay, Ecuador y Bolivia, que le dieron un mejor nivel a la prueba\u00bb.<\/p>\n<p>Durante la charla, Pedro nos cont\u00f3 su rutina habitual en el CENARD, donde est\u00e1 instalado desde comienzos de a\u00f1o. \u00abEn cuanto a entrenamientos ahora estamos haciendo mucha velocidad, por esto del S\u00faper Sprint, no tanto fondo. Por otra parte, los fines de semana hay regularmente duatlones en la zona de Ezeiza, que nos sirven para complementar lo que entrenamos\u00bb, acot\u00f3.<\/p>\n<p>A poco menos de un a\u00f1o de los Juegos Ol\u00edmpicos de la Juventud Buenos Aires 2018, Pedro mencion\u00f3 que \u00aben realidad el objetivo nunca fue apuntado a estar ah\u00ed, porque no hace mucho tiempo que estoy volcado al triatl\u00f3n. Pero el a\u00f1o que viene la idea es tratar de competir en un Panamericano. En pocos meses viene la temporada fuerte del triatl\u00f3n y vamos a prepararnos para eso\u00bb.<\/p>\n<p>Aqu\u00ed el audio de la nota:<\/p>\n<!--[if lt IE 9]><script>document.createElement('audio');<\/script><![endif]-->\n<audio class=\"wp-audio-shortcode\" id=\"audio-9485-1\" preload=\"none\" style=\"width: 100%;\" controls=\"controls\"><source type=\"audio\/mpeg\" src=\"http:\/\/todoapulmon-rafaela.com\/wp-content\/uploads\/2017\/10\/06-09-17-PEDRO-EMERT-.mp3?_=1\" \/><a href=\"http:\/\/todoapulmon-rafaela.com\/wp-content\/uploads\/2017\/10\/06-09-17-PEDRO-EMERT-.mp3\">http:\/\/todoapulmon-rafaela.com\/wp-content\/uploads\/2017\/10\/06-09-17-PEDRO-EMERT-.mp3<\/a><\/audio>\n","protected":false},"excerpt":{"rendered":"<p>Luego de su triunfo en la fecha de la Copa Sudamericana de Triatl\u00f3n en Formosa, en la categor\u00eda Yog, el<\/p>\n","protected":false},"author":2,"featured_media":9486,"comment_status":"open","ping_status":"open","sticky":false,"template":"","format":"standard","meta":{"footnotes":""},"categories":[24,28],"tags":[],"class_list":["post-9485","post","type-post","status-publish","format-standard","has-post-thumbnail","hentry","category-noticias-destacadas","category-triatlon"],"cc_featured_image_caption":{"caption_text":"El triatleta rafaelino durante el tramo de nado de Formosa (Foto Federaci\u00f3n Argentina de Triatl\u00f3n).","source_text":"","source_url":""},"_links":{"self":[{"href":"https:\/\/todoapulmon-rafaela.com\/index.php\/wp-json\/wp\/v2\/posts\/9485"}],"collection":[{"href":"https:\/\/todoapulmon-rafaela.com\/index.php\/wp-json\/wp\/v2\/posts"}],"about":[{"href":"https:\/\/todoapulmon-rafaela.com\/index.php\/wp-json\/wp\/v2\/types\/post"}],"author":[{"embeddable":true,"href":"https:\/\/todoapulmon-rafaela.com\/index.php\/wp-json\/wp\/v2\/users\/2"}],"replies":[{"embeddable":true,"href":"https:\/\/todoapulmon-rafaela.com\/index.php\/wp-json\/wp\/v2\/comments?post=9485"}],"version-history":[{"count":3,"href":"https:\/\/todoapulmon-rafaela.com\/index.php\/wp-json\/wp\/v2\/posts\/9485\/revisions"}],"predecessor-version":[{"id":9490,"href":"https:\/\/todoapulmon-rafaela.com\/index.php\/wp-json\/wp\/v2\/posts\/9485\/revisions\/9490"}],"wp:featuredmedia":[{"embeddable":true,"href":"https:\/\/todoapulmon-rafaela.com\/index.php\/wp-json\/wp\/v2\/media\/9486"}],"wp:attachment":[{"href":"https:\/\/todoapulmon-rafaela.com\/index.php\/wp-json\/wp\/v2\/media?parent=9485"}],"wp:term":[{"taxonomy":"category","embeddable":true,"href":"https:\/\/todoapulmon-rafaela.com\/index.php\/wp-json\/wp\/v2\/categories?post=9485"},{"taxonomy":"post_tag","embeddable":true,"href":"https:\/\/todoapulmon-rafaela.com\/index.php\/wp-json\/wp\/v2\/tags?post=9485"}],"curies":[{"name":"wp","href":"https:\/\/api.w.org\/{rel}","templated":true}]}}