{"id":9435,"date":"2017-10-04T22:20:26","date_gmt":"2017-10-04T22:20:26","guid":{"rendered":"http:\/\/todoapulmon-rafaela.com\/?p=9435"},"modified":"2017-10-04T22:20:38","modified_gmt":"2017-10-04T22:20:38","slug":"maravilla-martinez-en-una-agradable-charla","status":"publish","type":"post","link":"https:\/\/todoapulmon-rafaela.com\/index.php\/2017\/10\/04\/maravilla-martinez-en-una-agradable-charla\/","title":{"rendered":"\u00abMaravilla\u00bb Mart\u00ednez en una agradable charla"},"content":{"rendered":"<p>Una amena conferencia de prensa ofreci\u00f3 esta ma\u00f1ana el ex campe\u00f3n mundial de boxeo, Sergio \u00abMaravilla\u00bb Mart\u00ednez, en el marco de su visita a la ciudad cuyo epicentro pas\u00f3 por la charla motivacional prevista en el Cine Belgrano.<\/p>\n<p>Luego de compartir un momento en el despacho del intendente Luis Castellano, una de las figuras m\u00e1s importantes de los \u00faltimos a\u00f1os en el deporte argentino dialog\u00f3, luego de la presentaci\u00f3n del periodista Marcelo Muriel y el Subsecretario de Deportes, Sebasti\u00e1n Ballina, en el sal\u00f3n Verde con los medios locales y algunos chicos que se acercaron a presenciar la conferencia, destacando su amabilidad para sacarse fotos con quienes se lo pidieron.<\/p>\n<p>Recordemos que el evento fue organizado conjuntamente por la Municipalidad de Rafaela y el programa radial \u00abContra las Cuerdas\u00bb con motivo de sus 350 emisiones de manera ininterrumpida.<\/p>\n<p>Mart\u00ednez mencion\u00f3 que transita su vida entre Madrid y Buenos Aires, pero actualmente se encuentra de gira en el pa\u00eds (recordemos que hoy dedica mucho tiempo al teatro y otras actividades alejadas del boxeo), y lleg\u00f3 a Rafaela procedente de Formosa. En tal sentido destac\u00f3 que lo sorprendi\u00f3 gratamente la ciudad, en sus primeras horas de estad\u00eda.<\/p>\n<p>En los aspectos salientes de la charla, hizo hincapi\u00e9 en la actitud como el principal impulsor de un deportista para obtener el \u00e9xito en cualquier disciplina, para potenciar el talento o habilidad natural; en la falta de motivaci\u00f3n para el cierre de su carrera pugil\u00edstica, en la cual \u00abno me quedaba ning\u00fan objetivo por lograr\u00bb.<\/p>\n<p>De sus comienzos, record\u00f3 algunas malas experiencias con la dirigencia de la FAB, y los duros momentos de los primeros tiempos en Espa\u00f1a y Europa, hasta que fue creciendo su carrera. En tal sentido, acot\u00f3 que en su apogeo, entre 2012 y 2013, se sinti\u00f3 muy inc\u00f3modo debido a su popularidad en nuestro pa\u00eds.<\/p>\n<p>En cuanto al futuro del boxeo argentino, destac\u00f3 que \u00aben unos a\u00f1os vamos a tener cuatro o cinco campeones mundiales, solo hay que darle tiempo. Todo necesita una madurez, no podemos pretender que un boxeador con 15 o 20 peleas ya combata por el t\u00edtulo mundial. Se necesitan como m\u00ednimo 35-40 peleas\u00bb.<\/p>\n<p>En nuestra Fan Page Revista Todo a Pulm\u00f3n Rafaela puede verse un video de parte de la conferencia.<\/p>\n<p>&nbsp;<\/p>\n","protected":false},"excerpt":{"rendered":"<p>Una amena conferencia de prensa ofreci\u00f3 esta ma\u00f1ana el ex campe\u00f3n mundial de boxeo, Sergio \u00abMaravilla\u00bb Mart\u00ednez, en el marco<\/p>\n","protected":false},"author":2,"featured_media":9436,"comment_status":"open","ping_status":"open","sticky":false,"template":"","format":"standard","meta":{"footnotes":""},"categories":[24],"tags":[],"class_list":["post-9435","post","type-post","status-publish","format-standard","has-post-thumbnail","hentry","category-noticias-destacadas"],"cc_featured_image_caption":{"caption_text":"Sebasti\u00e1n Ballina, Sergio \"Maravilla\" Martinez y Marcelo Muriel.","source_text":"","source_url":""},"_links":{"self":[{"href":"https:\/\/todoapulmon-rafaela.com\/index.php\/wp-json\/wp\/v2\/posts\/9435"}],"collection":[{"href":"https:\/\/todoapulmon-rafaela.com\/index.php\/wp-json\/wp\/v2\/posts"}],"about":[{"href":"https:\/\/todoapulmon-rafaela.com\/index.php\/wp-json\/wp\/v2\/types\/post"}],"author":[{"embeddable":true,"href":"https:\/\/todoapulmon-rafaela.com\/index.php\/wp-json\/wp\/v2\/users\/2"}],"replies":[{"embeddable":true,"href":"https:\/\/todoapulmon-rafaela.com\/index.php\/wp-json\/wp\/v2\/comments?post=9435"}],"version-history":[{"count":1,"href":"https:\/\/todoapulmon-rafaela.com\/index.php\/wp-json\/wp\/v2\/posts\/9435\/revisions"}],"predecessor-version":[{"id":9437,"href":"https:\/\/todoapulmon-rafaela.com\/index.php\/wp-json\/wp\/v2\/posts\/9435\/revisions\/9437"}],"wp:featuredmedia":[{"embeddable":true,"href":"https:\/\/todoapulmon-rafaela.com\/index.php\/wp-json\/wp\/v2\/media\/9436"}],"wp:attachment":[{"href":"https:\/\/todoapulmon-rafaela.com\/index.php\/wp-json\/wp\/v2\/media?parent=9435"}],"wp:term":[{"taxonomy":"category","embeddable":true,"href":"https:\/\/todoapulmon-rafaela.com\/index.php\/wp-json\/wp\/v2\/categories?post=9435"},{"taxonomy":"post_tag","embeddable":true,"href":"https:\/\/todoapulmon-rafaela.com\/index.php\/wp-json\/wp\/v2\/tags?post=9435"}],"curies":[{"name":"wp","href":"https:\/\/api.w.org\/{rel}","templated":true}]}}