{"id":9421,"date":"2018-03-02T14:29:31","date_gmt":"2018-03-02T14:29:31","guid":{"rendered":"http:\/\/todoapulmon-rafaela.com\/?p=9421"},"modified":"2018-03-02T14:31:42","modified_gmt":"2018-03-02T14:31:42","slug":"por-una-lesion-sofia-kloster-no-va-al-sudamericano","status":"publish","type":"post","link":"https:\/\/todoapulmon-rafaela.com\/index.php\/2018\/03\/02\/por-una-lesion-sofia-kloster-no-va-al-sudamericano\/","title":{"rendered":"Por una lesi\u00f3n, Sof\u00eda Kloster no va al Sudamericano"},"content":{"rendered":"<p>Debido a una lesi\u00f3n sufrida durante la pretemporada, que la tuvo inactiva durante un tiempo, Sof\u00eda Kloster no estar\u00e1 interviniendo en el Sudamericano de marcha que se disputar\u00e1 en Suc\u00faa, Ecuador, los d\u00edas 10 y 11 de marzo. La atleta entrenada por Ariel Magallanes deb\u00eda competir en la distancia de 20 kil\u00f3metros, en un evento que anuncia a los mejores marchistas de esta parte del continente.<\/p>\n<p>\u00abDebimos desistir de viajar, ya que tuvo un esguince de tobillo moderado y la recuperaci\u00f3n finalmente fue m\u00e1s larga de lo que esper\u00e1bamos, y para peor con algunas complicaciones. Hace apenas tres semanas que volv\u00ed a los entrenamientos, y no era aconsejable hacer un viaje largo y costoso con tan poco tiempo de preparaci\u00f3n. Es una l\u00e1stima porque el torneo es muy importante, pero esperemos se pueda dar el a\u00f1o que viene. Mientras tanto ya estamos poniendo la mirada en otros objetivos\u00bb, detall\u00f3 Sofi.<\/p>\n<p>El Campeonato Sudamericano por equipos de marcha otorgar\u00e1 cupos directos al Mundial por equipos, que se realizar\u00e1 en mayo en Taicang, China, en las categor\u00edas juvenil y abierta.<\/p>\n<p>&nbsp;<\/p>\n","protected":false},"excerpt":{"rendered":"<p>Debido a una lesi\u00f3n sufrida durante la pretemporada, que la tuvo inactiva durante un tiempo, Sof\u00eda Kloster no estar\u00e1 interviniendo<\/p>\n","protected":false},"author":2,"featured_media":11198,"comment_status":"open","ping_status":"open","sticky":false,"template":"","format":"standard","meta":{"footnotes":""},"categories":[7,24],"tags":[],"class_list":["post-9421","post","type-post","status-publish","format-standard","has-post-thumbnail","hentry","category-atletismo","category-noticias-destacadas"],"cc_featured_image_caption":{"caption_text":"\"Ya pusimos la mirada en otro objetivo\", expres\u00f3 la marchista rafaelina.","source_text":"","source_url":""},"_links":{"self":[{"href":"https:\/\/todoapulmon-rafaela.com\/index.php\/wp-json\/wp\/v2\/posts\/9421"}],"collection":[{"href":"https:\/\/todoapulmon-rafaela.com\/index.php\/wp-json\/wp\/v2\/posts"}],"about":[{"href":"https:\/\/todoapulmon-rafaela.com\/index.php\/wp-json\/wp\/v2\/types\/post"}],"author":[{"embeddable":true,"href":"https:\/\/todoapulmon-rafaela.com\/index.php\/wp-json\/wp\/v2\/users\/2"}],"replies":[{"embeddable":true,"href":"https:\/\/todoapulmon-rafaela.com\/index.php\/wp-json\/wp\/v2\/comments?post=9421"}],"version-history":[{"count":2,"href":"https:\/\/todoapulmon-rafaela.com\/index.php\/wp-json\/wp\/v2\/posts\/9421\/revisions"}],"predecessor-version":[{"id":11197,"href":"https:\/\/todoapulmon-rafaela.com\/index.php\/wp-json\/wp\/v2\/posts\/9421\/revisions\/11197"}],"wp:featuredmedia":[{"embeddable":true,"href":"https:\/\/todoapulmon-rafaela.com\/index.php\/wp-json\/wp\/v2\/media\/11198"}],"wp:attachment":[{"href":"https:\/\/todoapulmon-rafaela.com\/index.php\/wp-json\/wp\/v2\/media?parent=9421"}],"wp:term":[{"taxonomy":"category","embeddable":true,"href":"https:\/\/todoapulmon-rafaela.com\/index.php\/wp-json\/wp\/v2\/categories?post=9421"},{"taxonomy":"post_tag","embeddable":true,"href":"https:\/\/todoapulmon-rafaela.com\/index.php\/wp-json\/wp\/v2\/tags?post=9421"}],"curies":[{"name":"wp","href":"https:\/\/api.w.org\/{rel}","templated":true}]}}