{"id":9413,"date":"2017-10-02T18:59:42","date_gmt":"2017-10-02T18:59:42","guid":{"rendered":"http:\/\/todoapulmon-rafaela.com\/?p=9413"},"modified":"2017-10-02T18:59:42","modified_gmt":"2017-10-02T18:59:42","slug":"los-42k-de-vina-del-mar-con-protagonistas-rafaelinos-2","status":"publish","type":"post","link":"https:\/\/todoapulmon-rafaela.com\/index.php\/2017\/10\/02\/los-42k-de-vina-del-mar-con-protagonistas-rafaelinos-2\/","title":{"rendered":"Los 42k de Vi\u00f1a del Mar con protagonistas rafaelinos"},"content":{"rendered":"<p>Con la presencia de 10.000 participantes se desarroll\u00f3 este domingo en Vi\u00f1a del Mar la Marat\u00f3n Internacional de esa ciudad chilena. Unos 850 corredores se dieron cita en los 42k, en tanto que el resto de los runners intervino en las distancias de 10 y 21k.<\/p>\n<p>Betina Lischet y Silvio Parola, del Kalos Running de nuestra ciudad, fueron parte de esta gran prueba del vecino pa\u00eds. Fue una competencia dura, con un circuito de varias ondulaciones, pero con una vista magn\u00edfica por ir bordeando el mar, lo cual le dio un particular atractivo.<\/p>\n<p>Parola qued\u00f3 muy conforme con su registro de 3h42m, tomando en cuenta que se dio luego de tres a\u00f1os de no participar en maratones. Fue noveno en su categor\u00eda.<\/p>\n<p>En tanto, Betina fue und\u00e9cima en su categor\u00eda con un tiempo de 4h13m cumpliendo una meritoria performance, pero por sobre todo disfrutando junto a Silvio de esta nueva experiencia internacional. Recordemos que hace algunos a\u00f1os lo hicieron en Atenas.<\/p>\n<p>GANADORES CHILENOS<\/p>\n<p>Los locales C\u00e9sar D\u00edaz y Clara Morales fueron ganadores de la prueba de 42k. Con un tiempo de 2 horas, 27 minutos y 29 segundos, el corredor chileno se impuso en la prueba disputada en el borde costero de la Regi\u00f3n de Valpara\u00edso al terminar por delante de sus compatriotas Luis Alarc\u00f3n y Pedro Rodriguez.<\/p>\n<p>En damas, Morales estableci\u00f3 un tiempo de 2h,54m21s, siendo segunda Antonia Boza y tercera Marcela Valenzuela.<\/p>\n","protected":false},"excerpt":{"rendered":"<p>Con la presencia de 10.000 participantes se desarroll\u00f3 este domingo en Vi\u00f1a del Mar la Marat\u00f3n Internacional de esa ciudad<\/p>\n","protected":false},"author":2,"featured_media":9409,"comment_status":"open","ping_status":"open","sticky":false,"template":"","format":"standard","meta":{"footnotes":""},"categories":[7,24],"tags":[],"class_list":["post-9413","post","type-post","status-publish","format-standard","has-post-thumbnail","hentry","category-atletismo","category-noticias-destacadas"],"cc_featured_image_caption":{"caption_text":"Betina Lischet y Silvio Parola disfrutaron de la competencia en Chile.","source_text":"","source_url":""},"_links":{"self":[{"href":"https:\/\/todoapulmon-rafaela.com\/index.php\/wp-json\/wp\/v2\/posts\/9413"}],"collection":[{"href":"https:\/\/todoapulmon-rafaela.com\/index.php\/wp-json\/wp\/v2\/posts"}],"about":[{"href":"https:\/\/todoapulmon-rafaela.com\/index.php\/wp-json\/wp\/v2\/types\/post"}],"author":[{"embeddable":true,"href":"https:\/\/todoapulmon-rafaela.com\/index.php\/wp-json\/wp\/v2\/users\/2"}],"replies":[{"embeddable":true,"href":"https:\/\/todoapulmon-rafaela.com\/index.php\/wp-json\/wp\/v2\/comments?post=9413"}],"version-history":[{"count":1,"href":"https:\/\/todoapulmon-rafaela.com\/index.php\/wp-json\/wp\/v2\/posts\/9413\/revisions"}],"predecessor-version":[{"id":9414,"href":"https:\/\/todoapulmon-rafaela.com\/index.php\/wp-json\/wp\/v2\/posts\/9413\/revisions\/9414"}],"wp:featuredmedia":[{"embeddable":true,"href":"https:\/\/todoapulmon-rafaela.com\/index.php\/wp-json\/wp\/v2\/media\/9409"}],"wp:attachment":[{"href":"https:\/\/todoapulmon-rafaela.com\/index.php\/wp-json\/wp\/v2\/media?parent=9413"}],"wp:term":[{"taxonomy":"category","embeddable":true,"href":"https:\/\/todoapulmon-rafaela.com\/index.php\/wp-json\/wp\/v2\/categories?post=9413"},{"taxonomy":"post_tag","embeddable":true,"href":"https:\/\/todoapulmon-rafaela.com\/index.php\/wp-json\/wp\/v2\/tags?post=9413"}],"curies":[{"name":"wp","href":"https:\/\/api.w.org\/{rel}","templated":true}]}}