{"id":9320,"date":"2017-09-27T17:56:27","date_gmt":"2017-09-27T17:56:27","guid":{"rendered":"http:\/\/todoapulmon-rafaela.com\/?p=9320"},"modified":"2017-09-27T18:02:46","modified_gmt":"2017-09-27T18:02:46","slug":"los-que-pueden-repetir-la-vuelta-como-hace-nueve-anos","status":"publish","type":"post","link":"https:\/\/todoapulmon-rafaela.com\/index.php\/2017\/09\/27\/los-que-pueden-repetir-la-vuelta-como-hace-nueve-anos\/","title":{"rendered":"Los que pueden repetir la vuelta, como hace nueve a\u00f1os"},"content":{"rendered":"<p>El 5 de octubre de 2008 CRAR hac\u00eda realidad el deseo de ascender a primera divisi\u00f3n del Torneo Regional del Litoral. Esa tarde venc\u00eda a Logaritmo, en Rosario, por 29 a 12 y consumaba un logro hist\u00f3rico para el Club. Era la revancha del encuentro que tambi\u00e9n hab\u00eda ganado en la final de ida del repechaje, por 39 a 13, en nuestra ciudad.<\/p>\n<p>El s\u00e1bado 30 de septiembre, a casi nueve a\u00f1os de aquella conquista, el C\u00edrculo Rafaelino va por el regreso al lugar en la elite que ocup\u00f3 durante ocho temporadas consecutivas, entre 2009 y 2016, cuando reciba a Los Caranchos.<\/p>\n<p>Tres jugadores que estuvieron en el partido de vuelta ante Loga, tienen la posibilidad de ser nuevamente protagonistas, dentro de la cancha, del partido que decrete un ascenso para el Club: Mat\u00edas Rocchi, Ignacio Pfaffen y Jos\u00e9 Mar\u00eda Williner.<\/p>\n<p>Esa tarde el Verde form\u00f3 con Claudio Capella, Mat\u00edas Zandomeni y Leandro Spalletti; Gonzalo Garc\u00eda y Mat\u00edas Rocchi; Leonardo Crosetti, Hern\u00e1n Fiorito e Ignacio Podio; Alejandro Chiav\u00f3n e Ignacio Pfaffen; Andr\u00e9s Villar, Mart\u00edn Eguiazu, Jos\u00e9 Williner, Jorge Bailetti; Tom\u00e1s Villar. Ingresaron: Pablo Colucci, Sebasti\u00e1n Corzo, Rota, Andr\u00e9s Fertonani y Ernesto Algaba, en la escuadra que dirig\u00edan Javier Rouco Oliva, Gustavo Beninca y Alberto Rocchi.<\/p>\n<p>No obstante, otros jugadores que hoy son referentes del equipo que marcha segundo en la Reclasificaci\u00f3n tambi\u00e9n tuvieron participaci\u00f3n en varios encuentros ese a\u00f1o, como Mart\u00edn Zegaib y Maximiliano Bertholt.<\/p>\n<p>Leo Crosetti lo vivi\u00f3 como jugador y hoy tiene la chance de repetir la vuelta al costado de la cancha, lo mismo que Gonzalo Garc\u00eda. Cristian Martino hab\u00eda sufrido una lesi\u00f3n al comienzo de 2008 y pudo jugar muy poco, pero hoy lo encuentra como una de las cabezas de entrenadores. Javier Rouco Oliva, como hace nueve a\u00f1os, estar\u00e1 igualmente en una situaci\u00f3n de pura adrenalina junto a sus compa\u00f1eros de cuerpo t\u00e9cnico.<\/p>\n<p>El resto, de los cuales una gran parte sigue vinculado al club en distintas \u00e1reas, seguramente estar\u00e1 alentando desde afuera, en una tarde que se espera sea una fiesta.<\/p>\n","protected":false},"excerpt":{"rendered":"<p>El 5 de octubre de 2008 CRAR hac\u00eda realidad el deseo de ascender a primera divisi\u00f3n del Torneo Regional del<\/p>\n","protected":false},"author":2,"featured_media":9321,"comment_status":"open","ping_status":"open","sticky":false,"template":"","format":"standard","meta":{"footnotes":""},"categories":[24,2],"tags":[],"class_list":["post-9320","post","type-post","status-publish","format-standard","has-post-thumbnail","hentry","category-noticias-destacadas","category-rugby"],"cc_featured_image_caption":{"caption_text":"Jos\u00e9 Mar\u00eda Williner, Ignacio Pfaffen y Mat\u00edas Rocchi jugaron el encuentro del ascenso en Rosario en 2008.","source_text":"","source_url":""},"_links":{"self":[{"href":"https:\/\/todoapulmon-rafaela.com\/index.php\/wp-json\/wp\/v2\/posts\/9320"}],"collection":[{"href":"https:\/\/todoapulmon-rafaela.com\/index.php\/wp-json\/wp\/v2\/posts"}],"about":[{"href":"https:\/\/todoapulmon-rafaela.com\/index.php\/wp-json\/wp\/v2\/types\/post"}],"author":[{"embeddable":true,"href":"https:\/\/todoapulmon-rafaela.com\/index.php\/wp-json\/wp\/v2\/users\/2"}],"replies":[{"embeddable":true,"href":"https:\/\/todoapulmon-rafaela.com\/index.php\/wp-json\/wp\/v2\/comments?post=9320"}],"version-history":[{"count":2,"href":"https:\/\/todoapulmon-rafaela.com\/index.php\/wp-json\/wp\/v2\/posts\/9320\/revisions"}],"predecessor-version":[{"id":9323,"href":"https:\/\/todoapulmon-rafaela.com\/index.php\/wp-json\/wp\/v2\/posts\/9320\/revisions\/9323"}],"wp:featuredmedia":[{"embeddable":true,"href":"https:\/\/todoapulmon-rafaela.com\/index.php\/wp-json\/wp\/v2\/media\/9321"}],"wp:attachment":[{"href":"https:\/\/todoapulmon-rafaela.com\/index.php\/wp-json\/wp\/v2\/media?parent=9320"}],"wp:term":[{"taxonomy":"category","embeddable":true,"href":"https:\/\/todoapulmon-rafaela.com\/index.php\/wp-json\/wp\/v2\/categories?post=9320"},{"taxonomy":"post_tag","embeddable":true,"href":"https:\/\/todoapulmon-rafaela.com\/index.php\/wp-json\/wp\/v2\/tags?post=9320"}],"curies":[{"name":"wp","href":"https:\/\/api.w.org\/{rel}","templated":true}]}}