{"id":9297,"date":"2017-09-26T12:50:21","date_gmt":"2017-09-26T12:50:21","guid":{"rendered":"http:\/\/todoapulmon-rafaela.com\/?p=9297"},"modified":"2017-09-26T12:50:21","modified_gmt":"2017-09-26T12:50:21","slug":"un-meritorio-subcampeonato-para-el-m-19","status":"publish","type":"post","link":"https:\/\/todoapulmon-rafaela.com\/index.php\/2017\/09\/26\/un-meritorio-subcampeonato-para-el-m-19\/","title":{"rendered":"Un meritorio subcampeonato para el M-19"},"content":{"rendered":"<p>El pasado fin de semana culmin\u00f3 el torneo Dos Orillas de divisiones juveniles organizado por las Uniones Santafesina y Entrerriana de Rugby. En la oportunidad se disput\u00f3 la quinta fecha del Final Six, consiguiendo el equipo M-19 del C\u00edrculo Rafaelino el subcampeonato con la igualdad 22-22 como local ante CRAI de Santa Fe, culminando una muy buena campa\u00f1a donde solamente fue superado, en la fase definitoria, por el campe\u00f3n Estudiantes de Paran\u00e1.<\/p>\n<p>En cuanto a las restantes categor\u00edas, que disputaron el \u00faltimo tramo en el segmento de la Reclasificaci\u00f3n, tambi\u00e9n fueron locales ante Capib\u00e1 de Paran\u00e1. Las tres divisiones cerraron con amplias victorias su performance: M-15 por 50 a 5; en M-16 por 58 a 7 y en M-17 por 61 a 5.<\/p>\n<p>En M-15 y M-17 CRAR fue primero en este tramo (s\u00e9ptimo en la tabla general) y segundo en M-16 (octavo en la general).<\/p>\n","protected":false},"excerpt":{"rendered":"<p>El pasado fin de semana culmin\u00f3 el torneo Dos Orillas de divisiones juveniles organizado por las Uniones Santafesina y Entrerriana<\/p>\n","protected":false},"author":2,"featured_media":9298,"comment_status":"open","ping_status":"open","sticky":false,"template":"","format":"standard","meta":{"footnotes":""},"categories":[24,2],"tags":[],"class_list":["post-9297","post","type-post","status-publish","format-standard","has-post-thumbnail","hentry","category-noticias-destacadas","category-rugby"],"cc_featured_image_caption":{"caption_text":"CRAR empat\u00f3 ante CRAI en la \u00faltima fecha (foto prensa CRAR).","source_text":"","source_url":""},"_links":{"self":[{"href":"https:\/\/todoapulmon-rafaela.com\/index.php\/wp-json\/wp\/v2\/posts\/9297"}],"collection":[{"href":"https:\/\/todoapulmon-rafaela.com\/index.php\/wp-json\/wp\/v2\/posts"}],"about":[{"href":"https:\/\/todoapulmon-rafaela.com\/index.php\/wp-json\/wp\/v2\/types\/post"}],"author":[{"embeddable":true,"href":"https:\/\/todoapulmon-rafaela.com\/index.php\/wp-json\/wp\/v2\/users\/2"}],"replies":[{"embeddable":true,"href":"https:\/\/todoapulmon-rafaela.com\/index.php\/wp-json\/wp\/v2\/comments?post=9297"}],"version-history":[{"count":1,"href":"https:\/\/todoapulmon-rafaela.com\/index.php\/wp-json\/wp\/v2\/posts\/9297\/revisions"}],"predecessor-version":[{"id":9299,"href":"https:\/\/todoapulmon-rafaela.com\/index.php\/wp-json\/wp\/v2\/posts\/9297\/revisions\/9299"}],"wp:featuredmedia":[{"embeddable":true,"href":"https:\/\/todoapulmon-rafaela.com\/index.php\/wp-json\/wp\/v2\/media\/9298"}],"wp:attachment":[{"href":"https:\/\/todoapulmon-rafaela.com\/index.php\/wp-json\/wp\/v2\/media?parent=9297"}],"wp:term":[{"taxonomy":"category","embeddable":true,"href":"https:\/\/todoapulmon-rafaela.com\/index.php\/wp-json\/wp\/v2\/categories?post=9297"},{"taxonomy":"post_tag","embeddable":true,"href":"https:\/\/todoapulmon-rafaela.com\/index.php\/wp-json\/wp\/v2\/tags?post=9297"}],"curies":[{"name":"wp","href":"https:\/\/api.w.org\/{rel}","templated":true}]}}