{"id":9288,"date":"2017-09-25T23:39:36","date_gmt":"2017-09-25T23:39:36","guid":{"rendered":"http:\/\/todoapulmon-rafaela.com\/?p=9288"},"modified":"2017-09-25T23:45:01","modified_gmt":"2017-09-25T23:45:01","slug":"destacadas-actuaciones-rafaelinas-en-el-desafio","status":"publish","type":"post","link":"https:\/\/todoapulmon-rafaela.com\/index.php\/2017\/09\/25\/destacadas-actuaciones-rafaelinas-en-el-desafio\/","title":{"rendered":"Destacadas actuaciones rafaelinas en el Desaf\u00edo"},"content":{"rendered":"<p>El ya tradicional Desaf\u00edo Salado Las Piedras, una de las competencias de Rally Bike m\u00e1s esperadas en la regi\u00f3n, tuvo su 13\u00b0 edici\u00f3n el domingo 24 de septiembre. Casi 500 competidores recorrieron los 73 kil\u00f3metros en una particular geograf\u00eda, por los ba\u00f1ados del Salado e invitando a los ciclistas a cruzar el arroy\u00f3 Culul\u00fa. La competencia reparti\u00f3 140.000 pesos en premios.<\/p>\n<p>El experimentado puntano Alfredo Lucero, de la categor\u00eda PRO, se qued\u00f3 con la victoria, completando el recorrido en 2 horas 32 minutos. El podio lo completaron dos cordobeses: Alejandro Oviedo, de Alta Gracia, en 2 horas 32 minutos 10 seguntos y Fernando Esquivel, de Embalse, en 2 horas 35 minutos 9 segundos. El rafaelino <strong>Edgardo Rasetto<\/strong> fue el mejor ubicado en el puesto 24\u00b0 de la general.<\/p>\n<p>En damas fue vencedora de la clasificaci\u00f3n general la esperancina Silvia Sandoval en 3h16m37s, seguida por la rafaelina<strong> Gisela Catt\u00e1neo<\/strong> (3h18m51s). Cuarta fue otra rafaelina, <strong>Luisina Simondi<\/strong>, y sexta <strong>Rosal\u00eda Gentinetta<\/strong>, tambi\u00e9n de nuestra ciudad.<\/p>\n<p>Lucero fue l\u00f3gicamente el mejor en su categor\u00eda PRO, Juli\u00e1n Franco (Pergamino) gan\u00f3 en Elite, Junior Terrarosa (Santa Fe) gan\u00f3 en Sub 23, Francisco Aimar (San Francisco) en Juvenil, Pablo Gargagli (Master A1), Fernando Briatore (Rosario) en Master A2, Rub\u00e9n Bustos (Alta Gracia) en Master B1 y el local Ricardo Lorenz con la Master B2.<\/p>\n<p>Adem\u00e1s, Alejandro Vidal (Ituzaing\u00f3) gan\u00f3 la Master C1, Jorge Guajardo (Bell Ville) la Master C2, el esperancino Roberto Kruse gan\u00f3 la Master D1 y otro esperancino, Jos\u00e9 Luis Paravano la Master D2.<\/p>\n<p>Entre las damas Gisela Catt\u00e1neo fue la mejor entre Damas Elite, Silvia Sandoval se qued\u00f3 con su categor\u00eda Damas A, Marisel Lemos (San Francisco) venci\u00f3 en Damas B y Graciela Arias (Santa Fe) en la categor\u00eda Damas C.<\/p>\n<p>LOS MEJORES RAFAELINOS<\/p>\n<p>Entre los primeros 20 de su categor\u00eda:<\/p>\n<p><strong>Damas Elite:<\/strong> 1) Gisela Cat\u00e1neo, 2) Luisina Simondi.<\/p>\n<p><strong>Damas B:<\/strong> 2) Rosal\u00eda Gentinetta, 4) Bel\u00e9n Fontanetto, 8) Patricia Imoberdorf, 13) Ana Costamagna.<\/p>\n<p><strong>PRO:<\/strong> 12\u00b0 Edgardo Rasetto.<\/p>\n<p><strong>Elite:<\/strong> 2) Julio Sol\u00f3rzano, 3) Germ\u00e1n Leandri.<\/p>\n<p><strong>Juvenil:<\/strong> 4) Cristian Pernuzzi.<\/p>\n<p><strong>Master A1:<\/strong> 5) Maximiliano Toldo, 13) Alejandro Palmero.<\/p>\n<p><strong>Master A2:<\/strong> 2) Daniel Schmidt, 5) Leonardo Kalbermatten, 9) Mat\u00edas Vilches, 16) C\u00e9sar Peralta, 17) Jorge Montersino.<\/p>\n<p><strong>Master B1<\/strong>: 1) Leonardo Gonzalez, 10) Joaquin Roca.<\/p>\n<p><strong>Master B2:<\/strong> 9) C\u00e9sar Bonetto, 14) C\u00e9sar Bogunovich, 16) Walter Bogunovich, 18) Rafael Benitez y 20) Fernando Simondi.<\/p>\n<p><strong>Master C1:<\/strong> 16) Benito Sabellotti.<\/p>\n<p><strong>Master D1<\/strong>: 8) Gustavo Casta\u00f1o.<\/p>\n<p><strong>Master D2<\/strong>: 5) H\u00e9ctor Boretto y 6) H\u00e9ctor Gilli.<\/p>\n","protected":false},"excerpt":{"rendered":"<p>El ya tradicional Desaf\u00edo Salado Las Piedras, una de las competencias de Rally Bike m\u00e1s esperadas en la regi\u00f3n, tuvo<\/p>\n","protected":false},"author":2,"featured_media":9289,"comment_status":"open","ping_status":"open","sticky":false,"template":"","format":"standard","meta":{"footnotes":""},"categories":[4,24],"tags":[],"class_list":["post-9288","post","type-post","status-publish","format-standard","has-post-thumbnail","hentry","category-ciclismo","category-noticias-destacadas"],"cc_featured_image_caption":{"caption_text":"El podio de la categor\u00eda Elite, con Julio Sol\u00f3rzano segundo y Germ\u00e1n Leandri tercero. (Foto Redes Sociales).","source_text":"","source_url":""},"_links":{"self":[{"href":"https:\/\/todoapulmon-rafaela.com\/index.php\/wp-json\/wp\/v2\/posts\/9288"}],"collection":[{"href":"https:\/\/todoapulmon-rafaela.com\/index.php\/wp-json\/wp\/v2\/posts"}],"about":[{"href":"https:\/\/todoapulmon-rafaela.com\/index.php\/wp-json\/wp\/v2\/types\/post"}],"author":[{"embeddable":true,"href":"https:\/\/todoapulmon-rafaela.com\/index.php\/wp-json\/wp\/v2\/users\/2"}],"replies":[{"embeddable":true,"href":"https:\/\/todoapulmon-rafaela.com\/index.php\/wp-json\/wp\/v2\/comments?post=9288"}],"version-history":[{"count":4,"href":"https:\/\/todoapulmon-rafaela.com\/index.php\/wp-json\/wp\/v2\/posts\/9288\/revisions"}],"predecessor-version":[{"id":9293,"href":"https:\/\/todoapulmon-rafaela.com\/index.php\/wp-json\/wp\/v2\/posts\/9288\/revisions\/9293"}],"wp:featuredmedia":[{"embeddable":true,"href":"https:\/\/todoapulmon-rafaela.com\/index.php\/wp-json\/wp\/v2\/media\/9289"}],"wp:attachment":[{"href":"https:\/\/todoapulmon-rafaela.com\/index.php\/wp-json\/wp\/v2\/media?parent=9288"}],"wp:term":[{"taxonomy":"category","embeddable":true,"href":"https:\/\/todoapulmon-rafaela.com\/index.php\/wp-json\/wp\/v2\/categories?post=9288"},{"taxonomy":"post_tag","embeddable":true,"href":"https:\/\/todoapulmon-rafaela.com\/index.php\/wp-json\/wp\/v2\/tags?post=9288"}],"curies":[{"name":"wp","href":"https:\/\/api.w.org\/{rel}","templated":true}]}}