{"id":9186,"date":"2017-09-19T21:24:27","date_gmt":"2017-09-19T21:24:27","guid":{"rendered":"http:\/\/todoapulmon-rafaela.com\/?p=9186"},"modified":"2017-09-19T21:24:27","modified_gmt":"2017-09-19T21:24:27","slug":"trabajamos-muy-bien-es-un-grupo-fantastico","status":"publish","type":"post","link":"https:\/\/todoapulmon-rafaela.com\/index.php\/2017\/09\/19\/trabajamos-muy-bien-es-un-grupo-fantastico\/","title":{"rendered":"\u00abTrabajamos muy bien, es un grupo fant\u00e1stico\u00bb"},"content":{"rendered":"<p>La selecci\u00f3n argentina de ciclismo del proyecto Buenos Aires 2018 est\u00e1 culminando la concentraci\u00f3n en Tafalla, Espa\u00f1a, previa a los Juegos Sudamericanos de la Juventud que se realizar\u00e1n en Santiago de Chile.<\/p>\n<p>Este martes tuvimos la posibilidad de contactarnos con Daniel Capella, uno de los entrenadores, que nos cont\u00f3 sobre el trabajo realizado. \u00abestamos desde hace\u00a0dos semanas, alojados en un hotel frente al vel\u00f3dromo de esta ciudad, de la regi\u00f3n de Navarra, de similares caracter\u00edsticas al de Rafaela pero con la ventaja de ser una pista techada\u00bb.<\/p>\n<p>Sobre los motivos de la elecci\u00f3n, mencion\u00f3 que \u00abelegimos este lugar por las condiciones del terreno para entrenar en la ruta, con una zona monta\u00f1osa pero no tan dura y exigente\u00bb.<\/p>\n<p>En cuanto al cronograma de tareas desarrollado, puntualiz\u00f3 que \u00aben estas semanas hemos realizado todos los d\u00edas doble turno, por la ma\u00f1ana una salida a la ruta de dos horas donde siempre busc\u00e1bamos alg\u00fan terreno un poco monta\u00f1oso para ir ganando fuerza, y por tarde en la pista, donde realiz\u00e1bamos trabajos de explosividad y velocidad buscando la puesta a punto ideal para ir a correr los Odesur a Chile, que empiezan el 1 de octubre\u00bb.<\/p>\n<p>A modo de balance y agradecimiento, destac\u00f3 que \u00abtrabajamos muy bien, muy c\u00f3modamente con un grupo de entrenamiento fant\u00e1stico, por supuesto encabezado por Walter P\u00e9rez que hoy es la figura m\u00e1xima del ciclismo argentino con la medalla de oro ol\u00edmpica, ahora dedicado a ser entrenador. Y es un placer muy grande que me ha dado, el de poder estar aqu\u00ed con \u00e9l trabajando, y aprendiendo tambi\u00e9n\u00bb.<\/p>\n<p>El grupo estar\u00e1 regresando\u00a0a nuestro pa\u00eds el jueves 21. Los corredores quedar\u00e1n concentrados en el CENADE, el predio de la Secretar\u00eda de Deporte de la Naci\u00f3n por una semana mas, antes de viajar el 27 con destino a Chile.<\/p>\n<p>En el caso particular de Yoel Vargas, nuestro representante local dentro de la selecci\u00f3n, Capella mencion\u00f3 que \u00abest\u00e1 en muy buena forma. Nunca lo vi tan bien preparado como ahora, estar asi concentrados es fant\u00e1stico y lo mejor que puede pasarle a los chicos, porque uno est\u00e1 con ellos a la hora de comer, dormir, entrenar. Yoel va a llegar muy bien, va a hacer varias disciplinas de pista y la carrera en ruta. Creo que tiene chances de lograr medalla tanto en pista como en ruta, esperemos que la suerte nos acompa\u00f1e, la preparaci\u00f3n ha sido ideal y creo que nos va a dar alegr\u00edas con sus resultados\u00bb.<\/p>\n<p>El equipo est\u00e1 compuesto por diez pedalistas. Las chicas Geraldine Mazucchini, Valentina Mu\u00f1oz, Camila Sams\u00f3 y Antonela Garc\u00eda, y los varones Yoel Vargas, Federico Guttlein, Alan Celentano, Adri\u00e1n Ya\u00f1ez, Lautaro Pe\u00f1alver y Rodrigo Corro.<\/p>\n","protected":false},"excerpt":{"rendered":"<p>La selecci\u00f3n argentina de ciclismo del proyecto Buenos Aires 2018 est\u00e1 culminando la concentraci\u00f3n en Tafalla, Espa\u00f1a, previa a los<\/p>\n","protected":false},"author":2,"featured_media":9187,"comment_status":"open","ping_status":"open","sticky":false,"template":"","format":"standard","meta":{"footnotes":""},"categories":[4,24],"tags":[],"class_list":["post-9186","post","type-post","status-publish","format-standard","has-post-thumbnail","hentry","category-ciclismo","category-noticias-destacadas"],"cc_featured_image_caption":{"caption_text":"El equipo argentino en Espa\u00f1a, durante uno de los entrenamientos en ruta. (Foto Ciclismo - Buenos Aires 2018).","source_text":"","source_url":""},"_links":{"self":[{"href":"https:\/\/todoapulmon-rafaela.com\/index.php\/wp-json\/wp\/v2\/posts\/9186"}],"collection":[{"href":"https:\/\/todoapulmon-rafaela.com\/index.php\/wp-json\/wp\/v2\/posts"}],"about":[{"href":"https:\/\/todoapulmon-rafaela.com\/index.php\/wp-json\/wp\/v2\/types\/post"}],"author":[{"embeddable":true,"href":"https:\/\/todoapulmon-rafaela.com\/index.php\/wp-json\/wp\/v2\/users\/2"}],"replies":[{"embeddable":true,"href":"https:\/\/todoapulmon-rafaela.com\/index.php\/wp-json\/wp\/v2\/comments?post=9186"}],"version-history":[{"count":1,"href":"https:\/\/todoapulmon-rafaela.com\/index.php\/wp-json\/wp\/v2\/posts\/9186\/revisions"}],"predecessor-version":[{"id":9188,"href":"https:\/\/todoapulmon-rafaela.com\/index.php\/wp-json\/wp\/v2\/posts\/9186\/revisions\/9188"}],"wp:featuredmedia":[{"embeddable":true,"href":"https:\/\/todoapulmon-rafaela.com\/index.php\/wp-json\/wp\/v2\/media\/9187"}],"wp:attachment":[{"href":"https:\/\/todoapulmon-rafaela.com\/index.php\/wp-json\/wp\/v2\/media?parent=9186"}],"wp:term":[{"taxonomy":"category","embeddable":true,"href":"https:\/\/todoapulmon-rafaela.com\/index.php\/wp-json\/wp\/v2\/categories?post=9186"},{"taxonomy":"post_tag","embeddable":true,"href":"https:\/\/todoapulmon-rafaela.com\/index.php\/wp-json\/wp\/v2\/tags?post=9186"}],"curies":[{"name":"wp","href":"https:\/\/api.w.org\/{rel}","templated":true}]}}