{"id":918,"date":"2016-05-20T19:28:59","date_gmt":"2016-05-20T19:28:59","guid":{"rendered":"http:\/\/todoapulmon-rafaela.com\/?p=918"},"modified":"2016-05-20T19:45:45","modified_gmt":"2016-05-20T19:45:45","slug":"argentina-inicia-el-sudamericano-en-venezuela","status":"publish","type":"post","link":"https:\/\/todoapulmon-rafaela.com\/index.php\/2016\/05\/20\/argentina-inicia-el-sudamericano-en-venezuela\/","title":{"rendered":"Argentina inicia el Sudamericano en Venezuela"},"content":{"rendered":"<p>En Barquisimeto, Venezuela, Argentina tendr\u00e1 este s\u00e1bado su estreno en el Sudamericano de b\u00e1squet, en su rama femenina. Para esta oportunidad el torneo tendr\u00e1 como premio, m\u00e1s all\u00e1 de las colocaciones finales en el podio, cuatro lugares para el venidero FIBA Americas 2017. Ser\u00e1 un nuevo desaf\u00edo internacional para la rafaelina Melisa Gretter y las Gigantes, aunque en este caso tom\u00e1ndolo adem\u00e1s como una puesta a punto para el Repechaje Ol\u00edmpico de junio en Francia.<\/p>\n<p>Argentina se ubicar\u00e1 en el segmento \u201cB\u201d, junto con Ecuador, Per\u00fa y Venezuela. Al tiempo que en el \u201cA\u201d estar\u00e1n Paraguay, Chile, Brasil, Uruguay y Colombia. Al componer la zona de menor cantidad de integrantes, nuestras chicas arrancar\u00e1n la competencia reci\u00e9n ma\u00f1ana, y su grupo se cerrar\u00e1 el lunes, un d\u00eda antes que el grupo \u201cA\u201d.<\/p>\n<p>&nbsp;<\/p>\n<p>Toda la actividad se desarrollar\u00e1 en el Domo Bolivariano, con capacidad para 10.000 personas, construida en 1987, donde Los Guaros de Lara ejercen su local\u00eda en la liga profesional de baloncesto de aquel pa\u00eds.<\/p>\n<p>En el arranque de la zona \u201cB\u201d, Argentina enfrentar\u00e1 a Ecuador (14:45) y Per\u00fa jugar\u00e1 con Venezuela (20:00) en la jornada sabatina.\u00a0Ya en domingo, Argentina jugar\u00e1 ante Per\u00fa (17:45) y Ecuador con Venezuela (20:00).<\/p>\n<p>El lunes ser\u00e1 el \u00faltimo d\u00eda para el grupo \u201cB\u201d. Ecuador se medir\u00e1 con Per\u00fa (14:45) y Argentina har\u00e1 lo mismo con Venezuela (20:00).<\/p>\n<p>El mi\u00e9rcoles se disputar\u00e1 el quinto lugar del clasificador final, junto con las semifinales; quedando para el jueves 26 la definici\u00f3n del campeonato y el tercer pelda\u00f1o del podio.<\/p>\n","protected":false},"excerpt":{"rendered":"<p>En Barquisimeto, Venezuela, Argentina tendr\u00e1 este s\u00e1bado su estreno en el Sudamericano de b\u00e1squet, en su rama femenina. Para esta<\/p>\n","protected":false},"author":2,"featured_media":921,"comment_status":"open","ping_status":"open","sticky":false,"template":"","format":"standard","meta":{"footnotes":""},"categories":[5],"tags":[],"class_list":["post-918","post","type-post","status-publish","format-standard","has-post-thumbnail","hentry","category-basquet"],"cc_featured_image_caption":{"caption_text":"La rafaelina Melisa Gretter disputar\u00e1 un nuevo Sudamericano.","source_text":"","source_url":""},"_links":{"self":[{"href":"https:\/\/todoapulmon-rafaela.com\/index.php\/wp-json\/wp\/v2\/posts\/918"}],"collection":[{"href":"https:\/\/todoapulmon-rafaela.com\/index.php\/wp-json\/wp\/v2\/posts"}],"about":[{"href":"https:\/\/todoapulmon-rafaela.com\/index.php\/wp-json\/wp\/v2\/types\/post"}],"author":[{"embeddable":true,"href":"https:\/\/todoapulmon-rafaela.com\/index.php\/wp-json\/wp\/v2\/users\/2"}],"replies":[{"embeddable":true,"href":"https:\/\/todoapulmon-rafaela.com\/index.php\/wp-json\/wp\/v2\/comments?post=918"}],"version-history":[{"count":1,"href":"https:\/\/todoapulmon-rafaela.com\/index.php\/wp-json\/wp\/v2\/posts\/918\/revisions"}],"predecessor-version":[{"id":920,"href":"https:\/\/todoapulmon-rafaela.com\/index.php\/wp-json\/wp\/v2\/posts\/918\/revisions\/920"}],"wp:featuredmedia":[{"embeddable":true,"href":"https:\/\/todoapulmon-rafaela.com\/index.php\/wp-json\/wp\/v2\/media\/921"}],"wp:attachment":[{"href":"https:\/\/todoapulmon-rafaela.com\/index.php\/wp-json\/wp\/v2\/media?parent=918"}],"wp:term":[{"taxonomy":"category","embeddable":true,"href":"https:\/\/todoapulmon-rafaela.com\/index.php\/wp-json\/wp\/v2\/categories?post=918"},{"taxonomy":"post_tag","embeddable":true,"href":"https:\/\/todoapulmon-rafaela.com\/index.php\/wp-json\/wp\/v2\/tags?post=918"}],"curies":[{"name":"wp","href":"https:\/\/api.w.org\/{rel}","templated":true}]}}