{"id":9073,"date":"2017-09-13T17:46:10","date_gmt":"2017-09-13T17:46:10","guid":{"rendered":"http:\/\/todoapulmon-rafaela.com\/?p=9073"},"modified":"2017-09-13T17:46:10","modified_gmt":"2017-09-13T17:46:10","slug":"atletico-confirmo-a-ceruti-y-faber-para-la-liga-provincial","status":"publish","type":"post","link":"https:\/\/todoapulmon-rafaela.com\/index.php\/2017\/09\/13\/atletico-confirmo-a-ceruti-y-faber-para-la-liga-provincial\/","title":{"rendered":"Atl\u00e9tico confirm\u00f3 a Ceruti y Faber para la Liga Provincial"},"content":{"rendered":"<p>Luego de la victoria lograda el martes ante Libertad de Sunchales por el torneo Oficial \u00abCarlitos Turati\u00bb de la Asociaci\u00f3n Rafaelina, la Subcomisi\u00f3n de B\u00e1squetbol de Atl\u00e9tico de Rafaela confirm\u00f3 la extensi\u00f3n del acuerdo con el alero Mariano Ceruti y el p\u00edvot Jonatan Faber para disputar la venidera Liga Provincial.<\/p>\n<p>Se trata sin dudas de un paso importante para la conformaci\u00f3n del plantel que dirigir\u00e1 Marcelo Miretti, con el objetivo de afrontar de la mejor manera un torneo que a\u00f1o a a\u00f1o se torna m\u00e1s competitivo. El tramo final de la temporada local le servir\u00e1 al cuerpo t\u00e9cnico para ir preparando a los jugadores del Club para un nuevo desaf\u00edo Provincial y evaluar las restantes fichas a incorporar.<\/p>\n","protected":false},"excerpt":{"rendered":"<p>Luego de la victoria lograda el martes ante Libertad de Sunchales por el torneo Oficial \u00abCarlitos Turati\u00bb de la Asociaci\u00f3n<\/p>\n","protected":false},"author":2,"featured_media":9074,"comment_status":"open","ping_status":"open","sticky":false,"template":"","format":"standard","meta":{"footnotes":""},"categories":[5],"tags":[],"class_list":["post-9073","post","type-post","status-publish","format-standard","has-post-thumbnail","hentry","category-basquet"],"cc_featured_image_caption":{"caption_text":"El sunchalense Mariano Ceruti y el rafaelino Jonatan Faber, piezas importantes del equipo. (Foto Basquet Atl\u00e9tico Rafaela).","source_text":"","source_url":""},"_links":{"self":[{"href":"https:\/\/todoapulmon-rafaela.com\/index.php\/wp-json\/wp\/v2\/posts\/9073"}],"collection":[{"href":"https:\/\/todoapulmon-rafaela.com\/index.php\/wp-json\/wp\/v2\/posts"}],"about":[{"href":"https:\/\/todoapulmon-rafaela.com\/index.php\/wp-json\/wp\/v2\/types\/post"}],"author":[{"embeddable":true,"href":"https:\/\/todoapulmon-rafaela.com\/index.php\/wp-json\/wp\/v2\/users\/2"}],"replies":[{"embeddable":true,"href":"https:\/\/todoapulmon-rafaela.com\/index.php\/wp-json\/wp\/v2\/comments?post=9073"}],"version-history":[{"count":1,"href":"https:\/\/todoapulmon-rafaela.com\/index.php\/wp-json\/wp\/v2\/posts\/9073\/revisions"}],"predecessor-version":[{"id":9075,"href":"https:\/\/todoapulmon-rafaela.com\/index.php\/wp-json\/wp\/v2\/posts\/9073\/revisions\/9075"}],"wp:featuredmedia":[{"embeddable":true,"href":"https:\/\/todoapulmon-rafaela.com\/index.php\/wp-json\/wp\/v2\/media\/9074"}],"wp:attachment":[{"href":"https:\/\/todoapulmon-rafaela.com\/index.php\/wp-json\/wp\/v2\/media?parent=9073"}],"wp:term":[{"taxonomy":"category","embeddable":true,"href":"https:\/\/todoapulmon-rafaela.com\/index.php\/wp-json\/wp\/v2\/categories?post=9073"},{"taxonomy":"post_tag","embeddable":true,"href":"https:\/\/todoapulmon-rafaela.com\/index.php\/wp-json\/wp\/v2\/tags?post=9073"}],"curies":[{"name":"wp","href":"https:\/\/api.w.org\/{rel}","templated":true}]}}