{"id":9031,"date":"2017-09-11T12:18:17","date_gmt":"2017-09-11T12:18:17","guid":{"rendered":"http:\/\/todoapulmon-rafaela.com\/?p=9031"},"modified":"2017-09-11T12:18:17","modified_gmt":"2017-09-11T12:18:17","slug":"decimo-puesto-para-santa-fe-en-el-argentino-sub-16","status":"publish","type":"post","link":"https:\/\/todoapulmon-rafaela.com\/index.php\/2017\/09\/11\/decimo-puesto-para-santa-fe-en-el-argentino-sub-16\/","title":{"rendered":"D\u00e9cimo puesto para Santa Fe en el Argentino Sub 16"},"content":{"rendered":"<p>El domingo finaliz\u00f3 en Tucum\u00e1n el Campeonato Argentino de Selecciones Sub 16. En damas el seleccionado de la Asociaci\u00f3n Santafesina, dirigido por Fabi\u00e1n Montesano, se ubic\u00f3 en el d\u00e9cimo puesto al caer por penales 2 a 1 ante Tandil en el \u00faltimo partido. Al cabo del tiempo regular hab\u00edan igualado 0 a 0.<\/p>\n<p>Recordemos que integraron el equipo las jugadoras de CRAR, Abril Beltramino (goleadora de la ASH con 4 tantos) y Alina Costamagna. El objetivo principal de mantener la categor\u00eda se consigui\u00f3, en un nivel muy alto donde est\u00e1n los mejores seleccionados del pa\u00eds.<\/p>\n<p>Estas fueron las posiciones finales del torneo:<\/p>\n<table border=\"0\" width=\"95%\" cellspacing=\"0\" cellpadding=\"0\" align=\"center\">\n<tbody>\n<tr bgcolor=\"#FBFBFB\">\n<td class=\"titulotabla\" align=\"center\" height=\"20\">1\u00ba<\/p>\n<div class=\"textoverde\">Asociaci\u00f3n Amateur de Hockey Sobre Cesped de Buenos Aires\u00a0<img decoding=\"async\" src=\"https:\/\/www.cahockey.org.ar\/sicah\/img\/trophy.png\" alt=\"\" \/><\/div>\n<\/td>\n<\/tr>\n<tr bgcolor=\"#FBFBFB\">\n<td class=\"titulotabla\" align=\"center\" height=\"20\">2\u00ba<\/p>\n<div class=\"textoverde\">Federaci\u00f3n Cordobesa<\/div>\n<\/td>\n<\/tr>\n<tr bgcolor=\"#FBFBFB\">\n<td class=\"titulotabla\" align=\"center\" height=\"20\">3\u00ba<\/p>\n<div class=\"textoverde\">Asociaci\u00f3n Tucumana<\/div>\n<\/td>\n<\/tr>\n<tr bgcolor=\"#FBFBFB\">\n<td class=\"titulotabla\" align=\"center\" height=\"20\">4\u00ba<\/p>\n<div class=\"textoverde\">Asociaci\u00f3n Salte\u00f1a<\/div>\n<\/td>\n<\/tr>\n<tr bgcolor=\"#FBFBFB\">\n<td class=\"titulotabla\" align=\"center\" height=\"20\">5\u00ba<\/p>\n<div class=\"textoverde\">Asociaci\u00f3n de Hockey del Rio Uruguay<\/div>\n<\/td>\n<\/tr>\n<tr bgcolor=\"#FBFBFB\">\n<td class=\"titulotabla\" align=\"center\" height=\"20\">6\u00ba<\/p>\n<div class=\"textoverde\">Asociaci\u00f3n Bahiense<\/div>\n<\/td>\n<\/tr>\n<tr bgcolor=\"#FBFBFB\">\n<td class=\"titulotabla\" align=\"center\" height=\"20\">7\u00ba<\/p>\n<div class=\"textoverde\">Asociaci\u00f3n Mendocina<\/div>\n<\/td>\n<\/tr>\n<tr bgcolor=\"#FBFBFB\">\n<td class=\"titulotabla\" align=\"center\" height=\"20\">8\u00ba<\/p>\n<div class=\"textoverde\">Asociaci\u00f3n Sanjuanina<\/div>\n<\/td>\n<\/tr>\n<tr bgcolor=\"#FBFBFB\">\n<td class=\"titulotabla\" align=\"center\" height=\"20\">9\u00ba<\/p>\n<div class=\"textoverde\">Federaci\u00f3n Tandilense<\/div>\n<\/td>\n<\/tr>\n<tr bgcolor=\"#FBFBFB\">\n<td class=\"titulotabla\" align=\"center\" height=\"20\">10\u00ba<\/p>\n<div class=\"textoverde\">Asociaci\u00f3n Santafesina<\/div>\n<\/td>\n<\/tr>\n<tr bgcolor=\"#FBFBFB\">\n<td class=\"titulotabla\" align=\"center\" height=\"20\">11\u00ba<\/p>\n<div class=\"textoverde\">Asociaci\u00f3n Litoral<\/div>\n<\/td>\n<\/tr>\n<tr bgcolor=\"#FBFBFB\">\n<td class=\"titulotabla\" align=\"center\" height=\"20\">12\u00ba<\/p>\n<div class=\"textoverde\">Asociaci\u00f3n del Valle de Chubut<\/div>\n<\/td>\n<\/tr>\n<tr bgcolor=\"#FBFBFB\">\n<td class=\"titulotabla\" align=\"center\" height=\"20\">13\u00ba<\/p>\n<div class=\"textoverde\">Federaci\u00f3n de Santiago del Estero<\/div>\n<\/td>\n<\/tr>\n<tr bgcolor=\"#FBFBFB\">\n<td class=\"titulotabla\" align=\"center\" height=\"20\">14\u00ba<\/p>\n<div class=\"textoverde\">Asociaci\u00f3n Sanrafaelina<\/div>\n<\/td>\n<\/tr>\n<tr bgcolor=\"#FBFBFB\">\n<td class=\"titulotabla\" align=\"center\" height=\"20\">15\u00ba<\/p>\n<div class=\"textoverde\">Asociaci\u00f3n Marplatense<\/div>\n<\/td>\n<\/tr>\n<tr bgcolor=\"#FBFBFB\">\n<td class=\"titulotabla\" align=\"center\" height=\"20\">16\u00ba<\/p>\n<div class=\"textoverde\">Federaci\u00f3n R\u00edo Negro<\/div>\n<\/td>\n<\/tr>\n<tr bgcolor=\"#FBFBFB\">\n<td><\/td>\n<\/tr>\n<\/tbody>\n<\/table>\n","protected":false},"excerpt":{"rendered":"<p>El domingo finaliz\u00f3 en Tucum\u00e1n el Campeonato Argentino de Selecciones Sub 16. En damas el seleccionado de la Asociaci\u00f3n Santafesina,<\/p>\n","protected":false},"author":2,"featured_media":9032,"comment_status":"open","ping_status":"open","sticky":false,"template":"","format":"standard","meta":{"footnotes":""},"categories":[3],"tags":[],"class_list":["post-9031","post","type-post","status-publish","format-standard","has-post-thumbnail","hentry","category-hockey"],"cc_featured_image_caption":{"caption_text":"El equipo de la ASH mantuvo la categor\u00eda. (Foto Asociaci\u00f3n Tucumana).","source_text":"","source_url":""},"_links":{"self":[{"href":"https:\/\/todoapulmon-rafaela.com\/index.php\/wp-json\/wp\/v2\/posts\/9031"}],"collection":[{"href":"https:\/\/todoapulmon-rafaela.com\/index.php\/wp-json\/wp\/v2\/posts"}],"about":[{"href":"https:\/\/todoapulmon-rafaela.com\/index.php\/wp-json\/wp\/v2\/types\/post"}],"author":[{"embeddable":true,"href":"https:\/\/todoapulmon-rafaela.com\/index.php\/wp-json\/wp\/v2\/users\/2"}],"replies":[{"embeddable":true,"href":"https:\/\/todoapulmon-rafaela.com\/index.php\/wp-json\/wp\/v2\/comments?post=9031"}],"version-history":[{"count":1,"href":"https:\/\/todoapulmon-rafaela.com\/index.php\/wp-json\/wp\/v2\/posts\/9031\/revisions"}],"predecessor-version":[{"id":9033,"href":"https:\/\/todoapulmon-rafaela.com\/index.php\/wp-json\/wp\/v2\/posts\/9031\/revisions\/9033"}],"wp:featuredmedia":[{"embeddable":true,"href":"https:\/\/todoapulmon-rafaela.com\/index.php\/wp-json\/wp\/v2\/media\/9032"}],"wp:attachment":[{"href":"https:\/\/todoapulmon-rafaela.com\/index.php\/wp-json\/wp\/v2\/media?parent=9031"}],"wp:term":[{"taxonomy":"category","embeddable":true,"href":"https:\/\/todoapulmon-rafaela.com\/index.php\/wp-json\/wp\/v2\/categories?post=9031"},{"taxonomy":"post_tag","embeddable":true,"href":"https:\/\/todoapulmon-rafaela.com\/index.php\/wp-json\/wp\/v2\/tags?post=9031"}],"curies":[{"name":"wp","href":"https:\/\/api.w.org\/{rel}","templated":true}]}}