{"id":892,"date":"2016-05-19T01:48:13","date_gmt":"2016-05-19T01:48:13","guid":{"rendered":"http:\/\/todoapulmon-rafaela.com\/?p=892"},"modified":"2016-05-19T01:48:13","modified_gmt":"2016-05-19T01:48:13","slug":"crar-presente-en-el-lanzamiento-del-trl-2016","status":"publish","type":"post","link":"https:\/\/todoapulmon-rafaela.com\/index.php\/2016\/05\/19\/crar-presente-en-el-lanzamiento-del-trl-2016\/","title":{"rendered":"CRAR presente en el lanzamiento del TRL 2016"},"content":{"rendered":"<p>Con una lucida ceremonia llevada a cabo en el Banco Municipal de Rosario, uno de los sponsors del certamen, se realiz\u00f3 este mi\u00e9rcoles la presentaci\u00f3n oficial del Torneo Regional del Litoral 2016, que tendr\u00e1 su kick off este s\u00e1bado 21 de mayo.<\/p>\n<p>Ante la convocatoria realizada a presidentes y capitanes de los equipos protagonistas, viajaron para ser parte del lanzamiento el dirigente Ignacio Salari y el referente del primer equipo, Jos\u00e9 Mar\u00eda Williner, en representaci\u00f3n del C\u00edrculo Rafaelino de Rugby.<\/p>\n<p>\u201cEstamos con muchas ganas de afrontar un nuevo TRL, con muchas expectativas para tratar de meternos entre los seis mejores\u201d, cont\u00f3 Jos\u00e9 Williner. Luego el back agreg\u00f3: \u201cCada vez que llega esta fecha se vive una sensaci\u00f3n muy linda\u201d.<\/p>\n<p>CRAR estar\u00e1 recibiendo en la primera fecha a Gimnasia y Esgrima de Rosario, el s\u00e1bado desde las 16.<\/p>\n","protected":false},"excerpt":{"rendered":"<p>Con una lucida ceremonia llevada a cabo en el Banco Municipal de Rosario, uno de los sponsors del certamen, se<\/p>\n","protected":false},"author":2,"featured_media":893,"comment_status":"open","ping_status":"open","sticky":false,"template":"","format":"standard","meta":{"footnotes":""},"categories":[2],"tags":[],"class_list":["post-892","post","type-post","status-publish","format-standard","has-post-thumbnail","hentry","category-rugby"],"cc_featured_image_caption":{"caption_text":"Los capitanes de los equipos protagonistas en el lanzamiento del torneo (foto Leo Galletto, Uni\u00f3n Rosarina de Rugby).","source_text":"","source_url":""},"_links":{"self":[{"href":"https:\/\/todoapulmon-rafaela.com\/index.php\/wp-json\/wp\/v2\/posts\/892"}],"collection":[{"href":"https:\/\/todoapulmon-rafaela.com\/index.php\/wp-json\/wp\/v2\/posts"}],"about":[{"href":"https:\/\/todoapulmon-rafaela.com\/index.php\/wp-json\/wp\/v2\/types\/post"}],"author":[{"embeddable":true,"href":"https:\/\/todoapulmon-rafaela.com\/index.php\/wp-json\/wp\/v2\/users\/2"}],"replies":[{"embeddable":true,"href":"https:\/\/todoapulmon-rafaela.com\/index.php\/wp-json\/wp\/v2\/comments?post=892"}],"version-history":[{"count":1,"href":"https:\/\/todoapulmon-rafaela.com\/index.php\/wp-json\/wp\/v2\/posts\/892\/revisions"}],"predecessor-version":[{"id":894,"href":"https:\/\/todoapulmon-rafaela.com\/index.php\/wp-json\/wp\/v2\/posts\/892\/revisions\/894"}],"wp:featuredmedia":[{"embeddable":true,"href":"https:\/\/todoapulmon-rafaela.com\/index.php\/wp-json\/wp\/v2\/media\/893"}],"wp:attachment":[{"href":"https:\/\/todoapulmon-rafaela.com\/index.php\/wp-json\/wp\/v2\/media?parent=892"}],"wp:term":[{"taxonomy":"category","embeddable":true,"href":"https:\/\/todoapulmon-rafaela.com\/index.php\/wp-json\/wp\/v2\/categories?post=892"},{"taxonomy":"post_tag","embeddable":true,"href":"https:\/\/todoapulmon-rafaela.com\/index.php\/wp-json\/wp\/v2\/tags?post=892"}],"curies":[{"name":"wp","href":"https:\/\/api.w.org\/{rel}","templated":true}]}}