{"id":889,"date":"2016-05-18T19:42:34","date_gmt":"2016-05-18T19:42:34","guid":{"rendered":"http:\/\/todoapulmon-rafaela.com\/?p=889"},"modified":"2016-05-18T19:42:34","modified_gmt":"2016-05-18T19:42:34","slug":"acevedo-y-harte-en-la-preseleccion-nacional-de-menores","status":"publish","type":"post","link":"https:\/\/todoapulmon-rafaela.com\/index.php\/2016\/05\/18\/acevedo-y-harte-en-la-preseleccion-nacional-de-menores\/","title":{"rendered":"Acevedo y Harte en la preselecci\u00f3n nacional de menores"},"content":{"rendered":"<p>El atletismo del Centro de Educaci\u00f3n F\u00edsica N\u00ba 53 contin\u00faa dando muestras de su evoluci\u00f3n continua, sumando satisfacciones con sus representantes. Luego de la exitosa realizaci\u00f3n del Campus Nacional de marcha, el pasado fin de semana en sus instalaciones, a partir de ma\u00f1ana continuar\u00e1 una actividad intensa con protagonistas en diferentes niveles.<\/p>\n<p>Entre este jueves y el domingo se desarrollar\u00e1 en el CENARD, Buenos Aires, la concentraci\u00f3n de la preselecci\u00f3n argentina U18 (menores), donde fueron convocadas la lanzadora de bala y disco Jemina Acevedo, y la saltadora en alto, Celina Harte, ambas con firmes posibilidades de quedar en la n\u00f3mina final que disputar\u00e1 a fin de a\u00f1o el certamen Sudamericano. En la oportunidad las estar\u00e1 acompa\u00f1ando Ariel Magallanes, uno de los entrenadores de la instituci\u00f3n.<\/p>\n<p>De manera paralela, pero de viernes a domingo, se realizar\u00e1 en San Guillermo el Campus Regional de Entrenamiento y Velocidad en vallas, programado por el ENARD. Estar\u00e1 disertando Hugo G\u00f3mez (Buenos Aires) y como atleta invitada del CEF 53 asistir\u00e1 Brisa Cortesini, integrante del programa para los Juegos Ol\u00edmpicos de la Juventud Buenos Aires 2018. La ascendente atleta estar\u00e1 acompa\u00f1ada por Gimena Piuzzi del cuerpo de profesores del CEF 53.<\/p>\n<p>Tambi\u00e9n este fin de semana se realizar\u00e1 la primera fecha del Grand Prix Santafesino, en San Guillermo. El Centro de Educaci\u00f3n F\u00edsica N\u00ba 53 asistir\u00e1 con una delegaci\u00f3n de 24 atletas, a cargo del entrenador Enrique Aguirre.<\/p>\n<p>Ya la semana pr\u00f3xima (martes), debemos mencionar la participaci\u00f3n de Sof\u00eda Kloster en el Campeonato Sudamericano Universitario, en Mar del Plata, en la prueba de marcha sobre 10.000 metros.<\/p>\n<p>El mes de mayo se cerrar\u00e1 con m\u00e1s atletismo, ya que un equipo de seis atletas viajar\u00e1 a Mendoza para tomar parte de la Copa Nacional de Clubes Sub 18 y 20, los d\u00edas 26, 27 y 28. Sin dudas, son d\u00edas de intenso y alto nivel en protagonismo para el atletismo rafaelino.<\/p>\n","protected":false},"excerpt":{"rendered":"<p>El atletismo del Centro de Educaci\u00f3n F\u00edsica N\u00ba 53 contin\u00faa dando muestras de su evoluci\u00f3n continua, sumando satisfacciones con sus<\/p>\n","protected":false},"author":2,"featured_media":890,"comment_status":"open","ping_status":"open","sticky":false,"template":"","format":"standard","meta":{"footnotes":""},"categories":[7],"tags":[],"class_list":["post-889","post","type-post","status-publish","format-standard","has-post-thumbnail","hentry","category-atletismo"],"cc_featured_image_caption":{"caption_text":"Celina Harte, saltadora en alto que estar\u00e1 en la concentraci\u00f3n de menores.","source_text":"","source_url":""},"_links":{"self":[{"href":"https:\/\/todoapulmon-rafaela.com\/index.php\/wp-json\/wp\/v2\/posts\/889"}],"collection":[{"href":"https:\/\/todoapulmon-rafaela.com\/index.php\/wp-json\/wp\/v2\/posts"}],"about":[{"href":"https:\/\/todoapulmon-rafaela.com\/index.php\/wp-json\/wp\/v2\/types\/post"}],"author":[{"embeddable":true,"href":"https:\/\/todoapulmon-rafaela.com\/index.php\/wp-json\/wp\/v2\/users\/2"}],"replies":[{"embeddable":true,"href":"https:\/\/todoapulmon-rafaela.com\/index.php\/wp-json\/wp\/v2\/comments?post=889"}],"version-history":[{"count":1,"href":"https:\/\/todoapulmon-rafaela.com\/index.php\/wp-json\/wp\/v2\/posts\/889\/revisions"}],"predecessor-version":[{"id":891,"href":"https:\/\/todoapulmon-rafaela.com\/index.php\/wp-json\/wp\/v2\/posts\/889\/revisions\/891"}],"wp:featuredmedia":[{"embeddable":true,"href":"https:\/\/todoapulmon-rafaela.com\/index.php\/wp-json\/wp\/v2\/media\/890"}],"wp:attachment":[{"href":"https:\/\/todoapulmon-rafaela.com\/index.php\/wp-json\/wp\/v2\/media?parent=889"}],"wp:term":[{"taxonomy":"category","embeddable":true,"href":"https:\/\/todoapulmon-rafaela.com\/index.php\/wp-json\/wp\/v2\/categories?post=889"},{"taxonomy":"post_tag","embeddable":true,"href":"https:\/\/todoapulmon-rafaela.com\/index.php\/wp-json\/wp\/v2\/tags?post=889"}],"curies":[{"name":"wp","href":"https:\/\/api.w.org\/{rel}","templated":true}]}}