{"id":886,"date":"2016-05-18T16:45:28","date_gmt":"2016-05-18T16:45:28","guid":{"rendered":"http:\/\/todoapulmon-rafaela.com\/?p=886"},"modified":"2016-05-18T16:45:28","modified_gmt":"2016-05-18T16:45:28","slug":"en-rugby-juvenil-se-viene-el-dos-orillas","status":"publish","type":"post","link":"https:\/\/todoapulmon-rafaela.com\/index.php\/2016\/05\/18\/en-rugby-juvenil-se-viene-el-dos-orillas\/","title":{"rendered":"En rugby juvenil, se viene el Dos Orillas"},"content":{"rendered":"<p class=\"x_MsoNormal\"><span lang=\"ES\">El Torneo Apertura de Juveniles de la Uni\u00f3n Santafesina lleg\u00f3 a su fin el s\u00e1bado 14 de mayo. En dicha jornada las divisiones menores del C\u00edrulo Rafaelino de Rugby visitaron a sus pares de Querand\u00ed Rugby Club.<\/span><\/p>\n<p class=\"x_MsoNormal\"><span lang=\"ES\">El pr\u00f3ximo s\u00e1bado 21 dar\u00e1 comienzo el torneo Dos Orillas, del cual participar\u00e1n equipos afiliados a la USR y a la Uni\u00f3n Entrerriana de Rugby. Las M\u2019s de CRAR estar\u00e1n debutando ante Cha Roga, en Santo Tom\u00e9.\u00a0<\/span><i><b><\/b><\/i><span lang=\"ES\">Vale mencionar que el C\u00edrculo Rafaelino estar\u00e1 participando de dicho torneo con sus cuatro habituales divisionales m\u00e1s el M-1 que se agrega en este 2016.<\/span><\/p>\n<p class=\"x_MsoNormal\"><span lang=\"ES\">En el cierre del Apertura, el Verde reparti\u00f3 triunfos y derrotas, de acuerdo al siguiente detalle:\u00a0<\/span><span lang=\"ES\">M-15: 17 a 7;\u00a0<\/span><span lang=\"ES\">M-16: 10 a 21;\u00a0<\/span><span lang=\"ES\">M-17: 0 a 81 y\u00a0<\/span><span lang=\"ES\">M-19: 68 a 10.<\/span><\/p>\n<p class=\"x_MsoNormal\">El fixture de CRAR en el Dos Orillas es el siguiente:<\/p>\n<p class=\"x_MsoNormal\"><span lang=\"ES\">1\u00ba fecha (21\/05) Cha Roga vs<b> CRAR<\/b><\/span><\/p>\n<p class=\"x_MsoNormal\"><span lang=\"ES\">2\u00ba fecha (28\/05) <b>CRAR<\/b> vs Paran\u00e1 Rowing<\/span><\/p>\n<p class=\"x_MsoNormal\"><span lang=\"ES\">3\u00ba fecha (04\/06) <b>CRAR<\/b> vs Alma Juniors<\/span><\/p>\n<p class=\"x_MsoNormal\"><span lang=\"ES\">4\u00ba fecha (18\/06) UNI vs<b> CRAR<\/b><\/span><\/p>\n<p class=\"x_MsoNormal\"><span lang=\"ES\">5\u00ba fecha (25\/06) <b>CRAR<\/b> vs CRAI<\/span><\/p>\n<p class=\"x_MsoNormal\"><span lang=\"ES\">6\u00ba fecha (02\/07) Santa Fe Rugby vs<b> CRAR<\/b><\/span><\/p>\n<p class=\"x_MsoNormal\"><span lang=\"ES\">7\u00ba fecha (23\/07) <b>CRAR <\/b>vs Estudiantes<\/span><\/p>\n<p class=\"x_MsoNormal\"><span lang=\"ES\">8\u00ba fecha (30\/07) Querand\u00ed vs <b>CRAR<\/b><\/span><\/p>\n<p class=\"x_MsoNormal\"><span lang=\"ES\">9\u00ba fecha \/06\/08) <b>CRAR<\/b> vs Capib\u00e1<\/span><\/p>\n<p class=\"x_MsoNormal\"><span lang=\"ES\">10\u00ba fecha (20\/08) La Salle vs<b> CRAR<\/b><\/span><\/p>\n<p class=\"x_MsoNormal\"><span lang=\"ES\">11\u00ba fecha (27\/08) <b>CRAR <\/b>vs Tilcara.\u00a0<\/span><\/p>\n","protected":false},"excerpt":{"rendered":"<p>El Torneo Apertura de Juveniles de la Uni\u00f3n Santafesina lleg\u00f3 a su fin el s\u00e1bado 14 de mayo. En dicha<\/p>\n","protected":false},"author":2,"featured_media":887,"comment_status":"open","ping_status":"open","sticky":false,"template":"","format":"standard","meta":{"footnotes":""},"categories":[2],"tags":[],"class_list":["post-886","post","type-post","status-publish","format-standard","has-post-thumbnail","hentry","category-rugby"],"cc_featured_image_caption":{"caption_text":"Una de las escenas de la quinta y \u00faltima fecha del Apertura (foto face Querand\u00ed).","source_text":"","source_url":""},"_links":{"self":[{"href":"https:\/\/todoapulmon-rafaela.com\/index.php\/wp-json\/wp\/v2\/posts\/886"}],"collection":[{"href":"https:\/\/todoapulmon-rafaela.com\/index.php\/wp-json\/wp\/v2\/posts"}],"about":[{"href":"https:\/\/todoapulmon-rafaela.com\/index.php\/wp-json\/wp\/v2\/types\/post"}],"author":[{"embeddable":true,"href":"https:\/\/todoapulmon-rafaela.com\/index.php\/wp-json\/wp\/v2\/users\/2"}],"replies":[{"embeddable":true,"href":"https:\/\/todoapulmon-rafaela.com\/index.php\/wp-json\/wp\/v2\/comments?post=886"}],"version-history":[{"count":1,"href":"https:\/\/todoapulmon-rafaela.com\/index.php\/wp-json\/wp\/v2\/posts\/886\/revisions"}],"predecessor-version":[{"id":888,"href":"https:\/\/todoapulmon-rafaela.com\/index.php\/wp-json\/wp\/v2\/posts\/886\/revisions\/888"}],"wp:featuredmedia":[{"embeddable":true,"href":"https:\/\/todoapulmon-rafaela.com\/index.php\/wp-json\/wp\/v2\/media\/887"}],"wp:attachment":[{"href":"https:\/\/todoapulmon-rafaela.com\/index.php\/wp-json\/wp\/v2\/media?parent=886"}],"wp:term":[{"taxonomy":"category","embeddable":true,"href":"https:\/\/todoapulmon-rafaela.com\/index.php\/wp-json\/wp\/v2\/categories?post=886"},{"taxonomy":"post_tag","embeddable":true,"href":"https:\/\/todoapulmon-rafaela.com\/index.php\/wp-json\/wp\/v2\/tags?post=886"}],"curies":[{"name":"wp","href":"https:\/\/api.w.org\/{rel}","templated":true}]}}