{"id":8841,"date":"2017-08-31T19:28:02","date_gmt":"2017-08-31T19:28:02","guid":{"rendered":"http:\/\/todoapulmon-rafaela.com\/?p=8841"},"modified":"2017-08-31T22:39:08","modified_gmt":"2017-08-31T22:39:08","slug":"presencias-locales-en-los-juegos-de-la-region-centro","status":"publish","type":"post","link":"https:\/\/todoapulmon-rafaela.com\/index.php\/2017\/08\/31\/presencias-locales-en-los-juegos-de-la-region-centro\/","title":{"rendered":"Presencias locales en los Juegos de la Regi\u00f3n Centro"},"content":{"rendered":"<p>Del 1 al 3 de septiembre, C\u00f3rdoba ser\u00e1 sede de los Juegos de la Regi\u00f3n Centro 2017. La edici\u00f3n anterior se realiz\u00f3 el a\u00f1o pasado en la provincia de Santa Fe, con una gran convocatoria de atletas de las provincias participantes, que a\u00f1o tras a\u00f1o, buscan fortalecer sus lazos de amistad.<\/p>\n<p>C\u00f3rdoba, Entre R\u00edos y Santa Fe, son las provincias que participan en los Juegos de la Regi\u00f3n Centro. Con competencias en b\u00e1squet, handball, gimnasia art\u00edstica, hockey, triatl\u00f3n, nataci\u00f3n, rugby seven, f\u00fatbol, v\u00f3ley, atletismo convencional y adaptado y nataci\u00f3n adaptada, m\u00e1s de 600 atletas menores de 15 a\u00f1os buscar\u00e1n subirse a lo m\u00e1s alto del podio. Santa Fe participa con una delegaci\u00f3n de 180 deportistas.<\/p>\n<p>PRESENCIAS RAFAELINAS<\/p>\n<p>De acuerdo a la informaci\u00f3n que pudo recabar TODO A PULMON, en atletismo nos representar\u00e1n: del Centro de Educaci\u00f3n F\u00edsica N\u00ba 53 Araceli Mondino (80 metros con vallas), y del CRAS, Valent\u00edn Menossi (lanzamiento de martillo y de disco) y Agust\u00edn Martinez (salto en largo, alto y postas).<\/p>\n<p>Adem\u00e1s, en rugby femenino estar\u00e1 formando parte del seleccionado santafesino la jugadora de CRAR, Hanan Asef. Y en basquet femenino las jugadoras de Ben Hur, Katya Defagot y Delfina Gentinetta. Los entrenadores tambi\u00e9n ser\u00e1n de Ben Hur, Ariel Borda y Andrea R\u00e9bola.<\/p>\n<p>El acto de apertura se realizar\u00e1 el s\u00e1bado, a las 15.30, en el polideportivo de Villa Carlos Paz. Las competencias, sin embargo, comenzar\u00e1n luego de la llegada de las delegaciones, el viernes por la tarde.<\/p>\n<p>En tanto, el cierre est\u00e1 programado para el d\u00eda domingo, con la ceremonia de premiaci\u00f3n, que tambi\u00e9n ser\u00e1 en el polideportivo de la ciudad serrana.<\/p>\n<p>Los juegos tienen como finalidad establecer una instancia competitiva entre las provincias afines. Adem\u00e1s, se busca promover el alto nivel deportivo desde las categor\u00edas inferiores y generar v\u00ednculos de amistad entre los j\u00f3venes.<\/p>\n","protected":false},"excerpt":{"rendered":"<p>Del 1 al 3 de septiembre, C\u00f3rdoba ser\u00e1 sede de los Juegos de la Regi\u00f3n Centro 2017. La edici\u00f3n anterior<\/p>\n","protected":false},"author":2,"featured_media":8842,"comment_status":"open","ping_status":"open","sticky":false,"template":"","format":"standard","meta":{"footnotes":""},"categories":[24],"tags":[],"class_list":["post-8841","post","type-post","status-publish","format-standard","has-post-thumbnail","hentry","category-noticias-destacadas"],"cc_featured_image_caption":{"caption_text":"","source_text":"","source_url":""},"_links":{"self":[{"href":"https:\/\/todoapulmon-rafaela.com\/index.php\/wp-json\/wp\/v2\/posts\/8841"}],"collection":[{"href":"https:\/\/todoapulmon-rafaela.com\/index.php\/wp-json\/wp\/v2\/posts"}],"about":[{"href":"https:\/\/todoapulmon-rafaela.com\/index.php\/wp-json\/wp\/v2\/types\/post"}],"author":[{"embeddable":true,"href":"https:\/\/todoapulmon-rafaela.com\/index.php\/wp-json\/wp\/v2\/users\/2"}],"replies":[{"embeddable":true,"href":"https:\/\/todoapulmon-rafaela.com\/index.php\/wp-json\/wp\/v2\/comments?post=8841"}],"version-history":[{"count":3,"href":"https:\/\/todoapulmon-rafaela.com\/index.php\/wp-json\/wp\/v2\/posts\/8841\/revisions"}],"predecessor-version":[{"id":8845,"href":"https:\/\/todoapulmon-rafaela.com\/index.php\/wp-json\/wp\/v2\/posts\/8841\/revisions\/8845"}],"wp:featuredmedia":[{"embeddable":true,"href":"https:\/\/todoapulmon-rafaela.com\/index.php\/wp-json\/wp\/v2\/media\/8842"}],"wp:attachment":[{"href":"https:\/\/todoapulmon-rafaela.com\/index.php\/wp-json\/wp\/v2\/media?parent=8841"}],"wp:term":[{"taxonomy":"category","embeddable":true,"href":"https:\/\/todoapulmon-rafaela.com\/index.php\/wp-json\/wp\/v2\/categories?post=8841"},{"taxonomy":"post_tag","embeddable":true,"href":"https:\/\/todoapulmon-rafaela.com\/index.php\/wp-json\/wp\/v2\/tags?post=8841"}],"curies":[{"name":"wp","href":"https:\/\/api.w.org\/{rel}","templated":true}]}}