{"id":883,"date":"2016-05-18T12:46:57","date_gmt":"2016-05-18T12:46:57","guid":{"rendered":"http:\/\/todoapulmon-rafaela.com\/?p=883"},"modified":"2016-05-18T12:46:57","modified_gmt":"2016-05-18T12:46:57","slug":"sofia-vivas-jugara-el-grado-1-en-neuquen","status":"publish","type":"post","link":"https:\/\/todoapulmon-rafaela.com\/index.php\/2016\/05\/18\/sofia-vivas-jugara-el-grado-1-en-neuquen\/","title":{"rendered":"Sof\u00eda Vivas jugar\u00e1 el Grado 1 en Neuqu\u00e9n"},"content":{"rendered":"<p>El venidero 25 de mayo comenzar\u00e1 en Neuqu\u00e9n el segundo torneo Nacional Grado 1, el nivel m\u00e1s importante dentro del calendario del circuito de menores de la Asociaci\u00f3n Argentina de Tenis.<br \/>\nEn el mismo estar\u00e1 participando la rafaelina Sof\u00eda Vivas, quien ingres\u00f3 directamente al cuadro principal dado su ranking, recordando que est\u00e1 ubicada dentro de las mejores 15 jugadoras del pa\u00eds en la categor\u00eda Sub 14.<br \/>\nLa ascendente tenista de La Ca\u00f1ada es la mejor en su divisi\u00f3n dentro del \u00e1mbito de la provincia de Santa Fe y la Liga de Tenis del Litoral, habiendo obtenido tres cert\u00e1menes Grado 3 en los primeros meses del a\u00f1o, motivo por el cual en el resto de la temporada deber\u00e1 disputar obligatoriamente cert\u00e1menes de mayor relevancia, como G-2 y G-1.<\/p>\n","protected":false},"excerpt":{"rendered":"<p>El venidero 25 de mayo comenzar\u00e1 en Neuqu\u00e9n el segundo torneo Nacional Grado 1, el nivel m\u00e1s importante dentro del<\/p>\n","protected":false},"author":2,"featured_media":884,"comment_status":"open","ping_status":"open","sticky":false,"template":"","format":"standard","meta":{"footnotes":""},"categories":[6],"tags":[],"class_list":["post-883","post","type-post","status-publish","format-standard","has-post-thumbnail","hentry","category-tenis"],"cc_featured_image_caption":{"caption_text":"Sof\u00eda Vivas disputar\u00e1 El G-1 con buenas expectativas.","source_text":"","source_url":""},"_links":{"self":[{"href":"https:\/\/todoapulmon-rafaela.com\/index.php\/wp-json\/wp\/v2\/posts\/883"}],"collection":[{"href":"https:\/\/todoapulmon-rafaela.com\/index.php\/wp-json\/wp\/v2\/posts"}],"about":[{"href":"https:\/\/todoapulmon-rafaela.com\/index.php\/wp-json\/wp\/v2\/types\/post"}],"author":[{"embeddable":true,"href":"https:\/\/todoapulmon-rafaela.com\/index.php\/wp-json\/wp\/v2\/users\/2"}],"replies":[{"embeddable":true,"href":"https:\/\/todoapulmon-rafaela.com\/index.php\/wp-json\/wp\/v2\/comments?post=883"}],"version-history":[{"count":1,"href":"https:\/\/todoapulmon-rafaela.com\/index.php\/wp-json\/wp\/v2\/posts\/883\/revisions"}],"predecessor-version":[{"id":885,"href":"https:\/\/todoapulmon-rafaela.com\/index.php\/wp-json\/wp\/v2\/posts\/883\/revisions\/885"}],"wp:featuredmedia":[{"embeddable":true,"href":"https:\/\/todoapulmon-rafaela.com\/index.php\/wp-json\/wp\/v2\/media\/884"}],"wp:attachment":[{"href":"https:\/\/todoapulmon-rafaela.com\/index.php\/wp-json\/wp\/v2\/media?parent=883"}],"wp:term":[{"taxonomy":"category","embeddable":true,"href":"https:\/\/todoapulmon-rafaela.com\/index.php\/wp-json\/wp\/v2\/categories?post=883"},{"taxonomy":"post_tag","embeddable":true,"href":"https:\/\/todoapulmon-rafaela.com\/index.php\/wp-json\/wp\/v2\/tags?post=883"}],"curies":[{"name":"wp","href":"https:\/\/api.w.org\/{rel}","templated":true}]}}