{"id":8779,"date":"2017-08-28T23:01:18","date_gmt":"2017-08-28T23:01:18","guid":{"rendered":"http:\/\/todoapulmon-rafaela.com\/?p=8779"},"modified":"2017-08-28T23:01:18","modified_gmt":"2017-08-28T23:01:18","slug":"la-cuenta-regresiva-hacia-los-21k","status":"publish","type":"post","link":"https:\/\/todoapulmon-rafaela.com\/index.php\/2017\/08\/28\/la-cuenta-regresiva-hacia-los-21k\/","title":{"rendered":"La cuenta regresiva hacia los 21k"},"content":{"rendered":"<p>La Municipalidad de Rafaela se encuentra preparando la s\u00e9ptima edici\u00f3n del Marat\u00f3n 21K \u00abCiudad de Rafaela\u00bb que se llevar\u00e1 a cabo el domingo 24 de septiembre.<\/p>\n<p>En este contexto, el subsecretario de Deportes, Sebasti\u00e1n Ballina, coment\u00f3 que \u00abes un evento multitudinario y fiscalizado, con lo cual tiene algunas cuestiones que tienen que estar precisas antes de realizar la competencia. Hay m\u00e1s de 250 personas que colaboran ese d\u00eda en el armado de la plaza, los banderilleros y todo lo que tiene que ver con el corte de tr\u00e1nsito\u00bb.<\/p>\n<p>Adem\u00e1s, destac\u00f3 que el Marat\u00f3n es fruto del trabajo articulado entre diversas instituciones: \u00abEn el armado del 21K participan m\u00e1s de 16 instituciones de la ciudad. Est\u00e1 toda la Subsecretaria de Deportes, los profesores, sponsors y las instituciones que nos ayudan ya enfocados en el d\u00eda de la carrera que se llevar\u00e1 a cabo el 24 de septiembre a las 9\u00bb.<\/p>\n<p>Por otro lado, dijo que el nivel de inscriptos hasta el momento es muy bueno y que la inscripci\u00f3n podr\u00e1 realizarse hasta el 19 de septiembre a trav\u00e9s de la p\u00e1gina web del Municipio: \u00abRecordarle a la gente que cuanto antes se inscriban, mayores posibilidades tenemos de ampliar los cupos. Estamos trabajando en todo lo que tiene que ver con la cuesti\u00f3n operativa y esperamos tener un buen clima para ese d\u00eda\u00bb.<\/p>\n<p>\u00abEsperamos m\u00e1s de 2.000 personas. Todo tiene que estar coordinado y minuciosamente ordenado para que salga correctamente. Todo este trabajo tiene detr\u00e1s el esfuerzo de muchas personas que colaboran para que el Marat\u00f3n 21K \u00abCiudad de Rafaela\u00bb sea una verdadera fiesta\u00bb.<\/p>\n<p>(Fuente: prensa Municipalidad).<\/p>\n","protected":false},"excerpt":{"rendered":"<p>La Municipalidad de Rafaela se encuentra preparando la s\u00e9ptima edici\u00f3n del Marat\u00f3n 21K \u00abCiudad de Rafaela\u00bb que se llevar\u00e1 a<\/p>\n","protected":false},"author":2,"featured_media":8780,"comment_status":"open","ping_status":"open","sticky":false,"template":"","format":"standard","meta":{"footnotes":""},"categories":[7,24],"tags":[],"class_list":["post-8779","post","type-post","status-publish","format-standard","has-post-thumbnail","hentry","category-atletismo","category-noticias-destacadas"],"cc_featured_image_caption":{"caption_text":"","source_text":"","source_url":""},"_links":{"self":[{"href":"https:\/\/todoapulmon-rafaela.com\/index.php\/wp-json\/wp\/v2\/posts\/8779"}],"collection":[{"href":"https:\/\/todoapulmon-rafaela.com\/index.php\/wp-json\/wp\/v2\/posts"}],"about":[{"href":"https:\/\/todoapulmon-rafaela.com\/index.php\/wp-json\/wp\/v2\/types\/post"}],"author":[{"embeddable":true,"href":"https:\/\/todoapulmon-rafaela.com\/index.php\/wp-json\/wp\/v2\/users\/2"}],"replies":[{"embeddable":true,"href":"https:\/\/todoapulmon-rafaela.com\/index.php\/wp-json\/wp\/v2\/comments?post=8779"}],"version-history":[{"count":1,"href":"https:\/\/todoapulmon-rafaela.com\/index.php\/wp-json\/wp\/v2\/posts\/8779\/revisions"}],"predecessor-version":[{"id":8781,"href":"https:\/\/todoapulmon-rafaela.com\/index.php\/wp-json\/wp\/v2\/posts\/8779\/revisions\/8781"}],"wp:featuredmedia":[{"embeddable":true,"href":"https:\/\/todoapulmon-rafaela.com\/index.php\/wp-json\/wp\/v2\/media\/8780"}],"wp:attachment":[{"href":"https:\/\/todoapulmon-rafaela.com\/index.php\/wp-json\/wp\/v2\/media?parent=8779"}],"wp:term":[{"taxonomy":"category","embeddable":true,"href":"https:\/\/todoapulmon-rafaela.com\/index.php\/wp-json\/wp\/v2\/categories?post=8779"},{"taxonomy":"post_tag","embeddable":true,"href":"https:\/\/todoapulmon-rafaela.com\/index.php\/wp-json\/wp\/v2\/tags?post=8779"}],"curies":[{"name":"wp","href":"https:\/\/api.w.org\/{rel}","templated":true}]}}