{"id":8772,"date":"2017-08-28T02:49:11","date_gmt":"2017-08-28T02:49:11","guid":{"rendered":"http:\/\/todoapulmon-rafaela.com\/?p=8772"},"modified":"2017-08-28T02:49:11","modified_gmt":"2017-08-28T02:49:11","slug":"rafaela-fue-tercero-en-el-femenino-u14-2","status":"publish","type":"post","link":"https:\/\/todoapulmon-rafaela.com\/index.php\/2017\/08\/28\/rafaela-fue-tercero-en-el-femenino-u14-2\/","title":{"rendered":"Rafaela fue tercero en el femenino U14"},"content":{"rendered":"<div>\u00a0El seleccionado de la Asociaci\u00f3n Rafaelina de B\u00e1squetbol culmin\u00f3 en la tercera posici\u00f3n del Campeonato Provincial U14 femenino, que se disput\u00f3 este fin de semana en Ca\u00f1ada de G\u00f3mez.El equipo dirigido por Jos\u00e9 Pennacino debut\u00f3 el viernes con una derrota ante Noroeste por 52 a 40, el s\u00e1bado perdi\u00f3 frente a Rosario por 63 a 36 y luego venci\u00f3 al combinado local por 68 a 44; mientras que este domingo por la ma\u00f1ana le gan\u00f3 a Santa Fe por 44 a 39 y por la tarde a Reconquista por 58 a 9.<\/p>\n<p>El campe\u00f3n fue Rosario, segundo Noroeste, tercero Rafaela, cuarto Santa Fe, quinto Ca\u00f1ada y sexto Reconquista.<\/p>\n<p>Mar\u00eda Paz Montini, Victoria Canello, Milagros Maza, Celeste Vivas, Sindy Llano, Katia Defagot, Eliana Carabajal, Gianella Porporatto, Delfina Gentinetta, Valeria Albertissi, Brisa Ball y Lara Tribouley, fueron las integrantes del plantel. DT: Jos\u00e9 Pennacino. Asistente: Ariel Borda. Acompa\u00f1ante: Andrea R\u00e9bola.<\/p>\n<\/div>\n<div><\/div>\n","protected":false},"excerpt":{"rendered":"<p>\u00a0El seleccionado de la Asociaci\u00f3n Rafaelina de B\u00e1squetbol culmin\u00f3 en la tercera posici\u00f3n del Campeonato Provincial U14 femenino, que se<\/p>\n","protected":false},"author":2,"featured_media":8770,"comment_status":"open","ping_status":"open","sticky":false,"template":"","format":"standard","meta":{"footnotes":""},"categories":[5],"tags":[],"class_list":["post-8772","post","type-post","status-publish","format-standard","has-post-thumbnail","hentry","category-basquet"],"cc_featured_image_caption":{"caption_text":"El seleccionado de la ARB que fue tercero (foto prensa Federaci\u00f3n Santafesina).","source_text":"","source_url":""},"_links":{"self":[{"href":"https:\/\/todoapulmon-rafaela.com\/index.php\/wp-json\/wp\/v2\/posts\/8772"}],"collection":[{"href":"https:\/\/todoapulmon-rafaela.com\/index.php\/wp-json\/wp\/v2\/posts"}],"about":[{"href":"https:\/\/todoapulmon-rafaela.com\/index.php\/wp-json\/wp\/v2\/types\/post"}],"author":[{"embeddable":true,"href":"https:\/\/todoapulmon-rafaela.com\/index.php\/wp-json\/wp\/v2\/users\/2"}],"replies":[{"embeddable":true,"href":"https:\/\/todoapulmon-rafaela.com\/index.php\/wp-json\/wp\/v2\/comments?post=8772"}],"version-history":[{"count":1,"href":"https:\/\/todoapulmon-rafaela.com\/index.php\/wp-json\/wp\/v2\/posts\/8772\/revisions"}],"predecessor-version":[{"id":8775,"href":"https:\/\/todoapulmon-rafaela.com\/index.php\/wp-json\/wp\/v2\/posts\/8772\/revisions\/8775"}],"wp:featuredmedia":[{"embeddable":true,"href":"https:\/\/todoapulmon-rafaela.com\/index.php\/wp-json\/wp\/v2\/media\/8770"}],"wp:attachment":[{"href":"https:\/\/todoapulmon-rafaela.com\/index.php\/wp-json\/wp\/v2\/media?parent=8772"}],"wp:term":[{"taxonomy":"category","embeddable":true,"href":"https:\/\/todoapulmon-rafaela.com\/index.php\/wp-json\/wp\/v2\/categories?post=8772"},{"taxonomy":"post_tag","embeddable":true,"href":"https:\/\/todoapulmon-rafaela.com\/index.php\/wp-json\/wp\/v2\/tags?post=8772"}],"curies":[{"name":"wp","href":"https:\/\/api.w.org\/{rel}","templated":true}]}}