{"id":8767,"date":"2017-08-27T19:06:34","date_gmt":"2017-08-27T19:06:34","guid":{"rendered":"http:\/\/todoapulmon-rafaela.com\/?p=8767"},"modified":"2017-08-28T19:39:42","modified_gmt":"2017-08-28T19:39:42","slug":"beltramo-tuvo-una-gran-labor-en-villa-pehuenia","status":"publish","type":"post","link":"https:\/\/todoapulmon-rafaela.com\/index.php\/2017\/08\/27\/beltramo-tuvo-una-gran-labor-en-villa-pehuenia\/","title":{"rendered":"Beltramo tuvo una gran labor en Villa Pehuenia"},"content":{"rendered":"<p>En la ciudad neuquina de Villa Pehuenia se desarroll\u00f3 hoy una nueva edici\u00f3n de la competencia 21k de la Serie Salom\u00f3n, que tambi\u00e9n tuvo el aliciente para los inscriptos de las distancias de 10 y 5 kil\u00f3metros. Se dieron cita en total unos 750 exponentes del trail running nacional.<\/p>\n<p>En la prueba reservada para los 10.000 metros fue protagonista destacado el rafaelino Claudio Beltramo, quien qued\u00f3 ubicado en el cuarto puesto de la clasificaci\u00f3n general y fue tercero en su categor\u00eda. En esta distancia hubo 350 atletas. El ganador fue V\u00ecctor Gelvez, un integrante de la selecci\u00f3n argentina de la especialidad, con un tiempo de 42m01. Beltramo, del Team Impacto Running de nuestra ciudad, lleg\u00f3 con el mismo tiempo que el tercero, Ren\u00e9 Parra, con 47m32s.<\/p>\n<p>Tambi\u00e9n particip\u00f3 del grupo Sergio Parisi, quien qued\u00f3 12\u00ba en su categor\u00eda en una meritoria performance.<\/p>\n<p><img loading=\"lazy\" decoding=\"async\" class=\"alignnone size-medium wp-image-8765\" src=\"http:\/\/todoapulmon-rafaela.com\/wp-content\/uploads\/2017\/08\/Beltramo-neuquen-1-300x169.jpg\" alt=\"Beltramo neuquen 1\" width=\"300\" height=\"169\" srcset=\"https:\/\/todoapulmon-rafaela.com\/wp-content\/uploads\/2017\/08\/Beltramo-neuquen-1-300x169.jpg 300w, https:\/\/todoapulmon-rafaela.com\/wp-content\/uploads\/2017\/08\/Beltramo-neuquen-1-768x432.jpg 768w, https:\/\/todoapulmon-rafaela.com\/wp-content\/uploads\/2017\/08\/Beltramo-neuquen-1-1024x576.jpg 1024w, https:\/\/todoapulmon-rafaela.com\/wp-content\/uploads\/2017\/08\/Beltramo-neuquen-1.jpg 1280w\" sizes=\"(max-width: 300px) 100vw, 300px\" \/><\/p>\n","protected":false},"excerpt":{"rendered":"<p>En la ciudad neuquina de Villa Pehuenia se desarroll\u00f3 hoy una nueva edici\u00f3n de la competencia 21k de la Serie<\/p>\n","protected":false},"author":2,"featured_media":8764,"comment_status":"open","ping_status":"open","sticky":false,"template":"","format":"standard","meta":{"footnotes":""},"categories":[7,24],"tags":[],"class_list":["post-8767","post","type-post","status-publish","format-standard","has-post-thumbnail","hentry","category-atletismo","category-noticias-destacadas"],"cc_featured_image_caption":{"caption_text":"Beltramo sigue logrando importantes resultados en el Trail Running nacional.","source_text":"","source_url":""},"_links":{"self":[{"href":"https:\/\/todoapulmon-rafaela.com\/index.php\/wp-json\/wp\/v2\/posts\/8767"}],"collection":[{"href":"https:\/\/todoapulmon-rafaela.com\/index.php\/wp-json\/wp\/v2\/posts"}],"about":[{"href":"https:\/\/todoapulmon-rafaela.com\/index.php\/wp-json\/wp\/v2\/types\/post"}],"author":[{"embeddable":true,"href":"https:\/\/todoapulmon-rafaela.com\/index.php\/wp-json\/wp\/v2\/users\/2"}],"replies":[{"embeddable":true,"href":"https:\/\/todoapulmon-rafaela.com\/index.php\/wp-json\/wp\/v2\/comments?post=8767"}],"version-history":[{"count":1,"href":"https:\/\/todoapulmon-rafaela.com\/index.php\/wp-json\/wp\/v2\/posts\/8767\/revisions"}],"predecessor-version":[{"id":8768,"href":"https:\/\/todoapulmon-rafaela.com\/index.php\/wp-json\/wp\/v2\/posts\/8767\/revisions\/8768"}],"wp:featuredmedia":[{"embeddable":true,"href":"https:\/\/todoapulmon-rafaela.com\/index.php\/wp-json\/wp\/v2\/media\/8764"}],"wp:attachment":[{"href":"https:\/\/todoapulmon-rafaela.com\/index.php\/wp-json\/wp\/v2\/media?parent=8767"}],"wp:term":[{"taxonomy":"category","embeddable":true,"href":"https:\/\/todoapulmon-rafaela.com\/index.php\/wp-json\/wp\/v2\/categories?post=8767"},{"taxonomy":"post_tag","embeddable":true,"href":"https:\/\/todoapulmon-rafaela.com\/index.php\/wp-json\/wp\/v2\/tags?post=8767"}],"curies":[{"name":"wp","href":"https:\/\/api.w.org\/{rel}","templated":true}]}}