{"id":8721,"date":"2017-08-25T00:08:44","date_gmt":"2017-08-25T00:08:44","guid":{"rendered":"http:\/\/todoapulmon-rafaela.com\/?p=8721"},"modified":"2017-08-25T00:08:44","modified_gmt":"2017-08-25T00:08:44","slug":"nando-parrado-en-el-belgrano","status":"publish","type":"post","link":"https:\/\/todoapulmon-rafaela.com\/index.php\/2017\/08\/25\/nando-parrado-en-el-belgrano\/","title":{"rendered":"Nando Parrado en el Belgrano"},"content":{"rendered":"<p>Este viernes 25 de agosto Fernando \u2018Nando\u2019 Parrado estar\u00e1 nuevamente en la ciudad, gracias a una gesti\u00f3n del C\u00edrculo Rafaelino de Rugby. El ex rugbier uruguayo, sobreviviente de la tragedia de Los Andes y uno de los conferencistas m\u00e1s reconocidos a nivel mundial, estar\u00e1 disertando desde las 20 en el Cine Teatro Belgrano con \u00abMilagro de Los Andes\u00bb.<br \/>\nEsta ser\u00e1 la segunda presencia de Parrado en Rafaela, pero no por ello de menor trascendencia que la anterior en 2011, ya que sus disertaciones son siempre de gran actualidad.<br \/>\nMerece resaltarse que Nando ha recibido las tres mayores distinciones a las que pueda aspirar un conferencista internacional. En 2007 fue elegido \u00abprincipal orador\u00bb por la IASB (Internacional Association of speakers Buereaus) y en 2009 fue seleccionado como \u00abprincipal conferencista\u00bb de la NSA (National Speakers Association). En ambas ocasiones, la selecci\u00f3n se realiza entre todos los conferencistas en actividad del mundo. Tambi\u00e9n ha sido tapa de \u00abSPEAKER\u00bb, la revista m\u00e1s influyente en la industria de las conferencias, en su edici\u00f3n de Junio del 2009.<\/p>\n<p>CONFERENCIA<br \/>\nPreviamente, a las\u00a0a las 12hs en Faber Libros, cito en calle Saavedra 52, se realizar\u00e1 una conferencia de prensa. Por otra parte, el Club inform\u00f3 que el mismo viernes por la noche, desde las 22hs, se celebrar\u00e1 una cena al estilo de CRAR, en el propio sal\u00f3n del club, y las tarjetas para aquellos interesados en concurrir se encuentran a la venta.<\/p>\n","protected":false},"excerpt":{"rendered":"<p>Este viernes 25 de agosto Fernando \u2018Nando\u2019 Parrado estar\u00e1 nuevamente en la ciudad, gracias a una gesti\u00f3n del C\u00edrculo Rafaelino<\/p>\n","protected":false},"author":2,"featured_media":8722,"comment_status":"open","ping_status":"open","sticky":false,"template":"","format":"standard","meta":{"footnotes":""},"categories":[2],"tags":[],"class_list":["post-8721","post","type-post","status-publish","format-standard","has-post-thumbnail","hentry","category-rugby"],"cc_featured_image_caption":{"caption_text":"","source_text":"","source_url":""},"_links":{"self":[{"href":"https:\/\/todoapulmon-rafaela.com\/index.php\/wp-json\/wp\/v2\/posts\/8721"}],"collection":[{"href":"https:\/\/todoapulmon-rafaela.com\/index.php\/wp-json\/wp\/v2\/posts"}],"about":[{"href":"https:\/\/todoapulmon-rafaela.com\/index.php\/wp-json\/wp\/v2\/types\/post"}],"author":[{"embeddable":true,"href":"https:\/\/todoapulmon-rafaela.com\/index.php\/wp-json\/wp\/v2\/users\/2"}],"replies":[{"embeddable":true,"href":"https:\/\/todoapulmon-rafaela.com\/index.php\/wp-json\/wp\/v2\/comments?post=8721"}],"version-history":[{"count":1,"href":"https:\/\/todoapulmon-rafaela.com\/index.php\/wp-json\/wp\/v2\/posts\/8721\/revisions"}],"predecessor-version":[{"id":8723,"href":"https:\/\/todoapulmon-rafaela.com\/index.php\/wp-json\/wp\/v2\/posts\/8721\/revisions\/8723"}],"wp:featuredmedia":[{"embeddable":true,"href":"https:\/\/todoapulmon-rafaela.com\/index.php\/wp-json\/wp\/v2\/media\/8722"}],"wp:attachment":[{"href":"https:\/\/todoapulmon-rafaela.com\/index.php\/wp-json\/wp\/v2\/media?parent=8721"}],"wp:term":[{"taxonomy":"category","embeddable":true,"href":"https:\/\/todoapulmon-rafaela.com\/index.php\/wp-json\/wp\/v2\/categories?post=8721"},{"taxonomy":"post_tag","embeddable":true,"href":"https:\/\/todoapulmon-rafaela.com\/index.php\/wp-json\/wp\/v2\/tags?post=8721"}],"curies":[{"name":"wp","href":"https:\/\/api.w.org\/{rel}","templated":true}]}}