{"id":8657,"date":"2017-08-22T18:37:05","date_gmt":"2017-08-22T18:37:05","guid":{"rendered":"http:\/\/todoapulmon-rafaela.com\/?p=8657"},"modified":"2017-08-22T18:37:05","modified_gmt":"2017-08-22T18:37:05","slug":"mas-logros-de-nuestros-runners-borlle-primera-y-chavez-tercero","status":"publish","type":"post","link":"https:\/\/todoapulmon-rafaela.com\/index.php\/2017\/08\/22\/mas-logros-de-nuestros-runners-borlle-primera-y-chavez-tercero\/","title":{"rendered":"M\u00e1s logros de nuestros runners, Borlle primera y Chavez tercero"},"content":{"rendered":"<p>El fin de semana entreg\u00f3 m\u00e1s performances de relevancia en las competencias disputadas en la regi\u00f3n. A los logros de Rodrigo Ghilardi y Germ\u00e1n Fern\u00e1ndez en las generales de 5 y 10k de Morteros; sumamos ahora el primer puesto obtenido por Mariana Borlle y el tercero de Mart\u00edn Chavez en los 10k ION realizados en la costanera santafesina, el d\u00eda lunes 21 de agosto.<\/p>\n<p>En la prueba masculina el ganador fue Mart\u00edn Costa en 36m28s, segundo Osvaldo Paniagua con 36m49s y tercero Mart\u00edn Chavez con 36m59s, que fue primero en su categor\u00eda. Adem\u00e1s, cabe mencionar la labor de Maximiliano Vaillard, que fue 14\u00ba en la general y 4\u00ba en su categor\u00eda con 40m59s.<\/p>\n<p>Por su parte, Mariana Borlle se impuso en la general femenina con 43m09s.<\/p>\n","protected":false},"excerpt":{"rendered":"<p>El fin de semana entreg\u00f3 m\u00e1s performances de relevancia en las competencias disputadas en la regi\u00f3n. A los logros de<\/p>\n","protected":false},"author":2,"featured_media":8656,"comment_status":"open","ping_status":"open","sticky":false,"template":"","format":"standard","meta":{"footnotes":""},"categories":[7,24],"tags":[],"class_list":["post-8657","post","type-post","status-publish","format-standard","has-post-thumbnail","hentry","category-atletismo","category-noticias-destacadas"],"cc_featured_image_caption":{"caption_text":"Los podios que tuvieron el primer puesto general de Mariana Borlle y el tercero de Mart\u00edn Chavez en Santa Fe (Fotos Maratonistas Santafesinos).","source_text":"","source_url":""},"_links":{"self":[{"href":"https:\/\/todoapulmon-rafaela.com\/index.php\/wp-json\/wp\/v2\/posts\/8657"}],"collection":[{"href":"https:\/\/todoapulmon-rafaela.com\/index.php\/wp-json\/wp\/v2\/posts"}],"about":[{"href":"https:\/\/todoapulmon-rafaela.com\/index.php\/wp-json\/wp\/v2\/types\/post"}],"author":[{"embeddable":true,"href":"https:\/\/todoapulmon-rafaela.com\/index.php\/wp-json\/wp\/v2\/users\/2"}],"replies":[{"embeddable":true,"href":"https:\/\/todoapulmon-rafaela.com\/index.php\/wp-json\/wp\/v2\/comments?post=8657"}],"version-history":[{"count":1,"href":"https:\/\/todoapulmon-rafaela.com\/index.php\/wp-json\/wp\/v2\/posts\/8657\/revisions"}],"predecessor-version":[{"id":8658,"href":"https:\/\/todoapulmon-rafaela.com\/index.php\/wp-json\/wp\/v2\/posts\/8657\/revisions\/8658"}],"wp:featuredmedia":[{"embeddable":true,"href":"https:\/\/todoapulmon-rafaela.com\/index.php\/wp-json\/wp\/v2\/media\/8656"}],"wp:attachment":[{"href":"https:\/\/todoapulmon-rafaela.com\/index.php\/wp-json\/wp\/v2\/media?parent=8657"}],"wp:term":[{"taxonomy":"category","embeddable":true,"href":"https:\/\/todoapulmon-rafaela.com\/index.php\/wp-json\/wp\/v2\/categories?post=8657"},{"taxonomy":"post_tag","embeddable":true,"href":"https:\/\/todoapulmon-rafaela.com\/index.php\/wp-json\/wp\/v2\/tags?post=8657"}],"curies":[{"name":"wp","href":"https:\/\/api.w.org\/{rel}","templated":true}]}}