{"id":8617,"date":"2017-08-21T21:56:54","date_gmt":"2017-08-21T21:56:54","guid":{"rendered":"http:\/\/todoapulmon-rafaela.com\/?p=8617"},"modified":"2017-08-21T21:56:54","modified_gmt":"2017-08-21T21:56:54","slug":"camila-real-a-los-odesur-en-chile-2","status":"publish","type":"post","link":"https:\/\/todoapulmon-rafaela.com\/index.php\/2017\/08\/21\/camila-real-a-los-odesur-en-chile-2\/","title":{"rendered":"Camila Real a los Odesur en Chile"},"content":{"rendered":"<p>Luego de la medalla de plata obtenida el domingo en Concepci\u00f3n del Uruguay, en la prueba de marcha sobre 5.000 metros del Nacional de la categor\u00eda U18, la rafaelina Camila Real recibi\u00f3 una gran noticia de parte de su entrenador Ariel Magallanes.<\/p>\n<p>La representante del Centro de Educaci\u00f3n F\u00edsica N\u00ba 53 fue convocada por la Confederaci\u00f3n Argentina de Atletismo para representar a nuestro pa\u00eds en los Juegos Odesur, que se disputar\u00e1n en la ciudad de Santiago de Chile. Tambi\u00e9n denominados II Juegos Suramericanos de la Juventud, tendr\u00e1n fecha de realizaci\u00f3n del 29 de septiembre al 8 de octubre de 2017, como antesala de los Juegos Ol\u00edmpicos de la Juventud 2018 en Argentina.<\/p>\n<p>Camila ser\u00e1 una de las tres marchistas del equipo argentino, junto a Fiorela Scalise y Gianluca Rosa. El grupo de chicos comprende las categor\u00edas 2001 y 2002. De la provincia de Santa Fe tambi\u00e9n fueron convocados Violeta Gallo, Morena Maldonado, Milagros Vera Actis, L\u00e1zaro Bonora y Julio Nobile.<\/p>\n","protected":false},"excerpt":{"rendered":"<p>Luego de la medalla de plata obtenida el domingo en Concepci\u00f3n del Uruguay, en la prueba de marcha sobre 5.000<\/p>\n","protected":false},"author":2,"featured_media":8615,"comment_status":"open","ping_status":"open","sticky":false,"template":"","format":"standard","meta":{"footnotes":""},"categories":[7,24],"tags":[],"class_list":["post-8617","post","type-post","status-publish","format-standard","has-post-thumbnail","hentry","category-atletismo","category-noticias-destacadas"],"cc_featured_image_caption":{"caption_text":"El entrenador Ariel Magallanes y la marchista Camila Real, con la satisfacci\u00f3n de la medalla de plata en el Nacional.","source_text":"","source_url":""},"_links":{"self":[{"href":"https:\/\/todoapulmon-rafaela.com\/index.php\/wp-json\/wp\/v2\/posts\/8617"}],"collection":[{"href":"https:\/\/todoapulmon-rafaela.com\/index.php\/wp-json\/wp\/v2\/posts"}],"about":[{"href":"https:\/\/todoapulmon-rafaela.com\/index.php\/wp-json\/wp\/v2\/types\/post"}],"author":[{"embeddable":true,"href":"https:\/\/todoapulmon-rafaela.com\/index.php\/wp-json\/wp\/v2\/users\/2"}],"replies":[{"embeddable":true,"href":"https:\/\/todoapulmon-rafaela.com\/index.php\/wp-json\/wp\/v2\/comments?post=8617"}],"version-history":[{"count":1,"href":"https:\/\/todoapulmon-rafaela.com\/index.php\/wp-json\/wp\/v2\/posts\/8617\/revisions"}],"predecessor-version":[{"id":8618,"href":"https:\/\/todoapulmon-rafaela.com\/index.php\/wp-json\/wp\/v2\/posts\/8617\/revisions\/8618"}],"wp:featuredmedia":[{"embeddable":true,"href":"https:\/\/todoapulmon-rafaela.com\/index.php\/wp-json\/wp\/v2\/media\/8615"}],"wp:attachment":[{"href":"https:\/\/todoapulmon-rafaela.com\/index.php\/wp-json\/wp\/v2\/media?parent=8617"}],"wp:term":[{"taxonomy":"category","embeddable":true,"href":"https:\/\/todoapulmon-rafaela.com\/index.php\/wp-json\/wp\/v2\/categories?post=8617"},{"taxonomy":"post_tag","embeddable":true,"href":"https:\/\/todoapulmon-rafaela.com\/index.php\/wp-json\/wp\/v2\/tags?post=8617"}],"curies":[{"name":"wp","href":"https:\/\/api.w.org\/{rel}","templated":true}]}}