{"id":8505,"date":"2017-08-16T18:54:24","date_gmt":"2017-08-16T18:54:24","guid":{"rendered":"http:\/\/todoapulmon-rafaela.com\/?p=8505"},"modified":"2017-08-16T18:54:24","modified_gmt":"2017-08-16T18:54:24","slug":"el-fixture-de-crar-en-la-etapa-final-del-dos-orillas","status":"publish","type":"post","link":"https:\/\/todoapulmon-rafaela.com\/index.php\/2017\/08\/16\/el-fixture-de-crar-en-la-etapa-final-del-dos-orillas\/","title":{"rendered":"El fixture de CRAR en la etapa final del Dos Orillas"},"content":{"rendered":"<p>El s\u00e1bado 26 de agosto se iniciar\u00e1 la etapa final del torneo Dos Orillas de divisiones juveniles que organizan las Uniones Santafesina y Entrerriana de Rugby. En la oportunidad, de acuerdo a la primera fase que culmin\u00f3 el s\u00e1bado, CRAR ir\u00e1 por el t\u00edtulo en M-19, mientras que las restantes divisiones jugar\u00e1n del s\u00e9ptimo al duod\u00e9cimo puesto.<\/p>\n<p>En los dos casos ser\u00e1n cinco fechas, a una rueda, y los equipos rafaelinos tendr\u00e1n tres partidos de local. Este es el detalle del fixture para CRAR:<\/p>\n<p>M-19<\/p>\n<p>Primera fecha (26-8): La Salle vs. CRAR.<\/p>\n<p>Segunda fecha (2-9): CRAR vs. Santa Fe RC.<\/p>\n<p>Tercera fecha: (9-9): CRAR vs. Universitario.<\/p>\n<p>Cuarta fecha (16-9): Estudiantes vs. CRAR.<\/p>\n<p>Quinta fecha (23-9): CRAR vs. CRAI.<\/p>\n<p>M-15, M-16 y M-17<\/p>\n<p>Primera fecha: La Salle vs. CRAR.<\/p>\n<p>Segunda fecha: CRAR vs. Alma Juniors.<\/p>\n<p>Tercera fecha: Querand\u00ed vs. CRAR.<\/p>\n<p>Cuarta fecha: CRAR vs. Cha Roga.<\/p>\n<p>Quinta fecha: CRAR vs. Capib\u00e1.<\/p>\n<p>&nbsp;<\/p>\n","protected":false},"excerpt":{"rendered":"<p>El s\u00e1bado 26 de agosto se iniciar\u00e1 la etapa final del torneo Dos Orillas de divisiones juveniles que organizan las<\/p>\n","protected":false},"author":2,"featured_media":8506,"comment_status":"open","ping_status":"open","sticky":false,"template":"","format":"standard","meta":{"footnotes":""},"categories":[1],"tags":[],"class_list":["post-8505","post","type-post","status-publish","format-standard","has-post-thumbnail","hentry","category-sin-categoria"],"cc_featured_image_caption":{"caption_text":"El 26 de agosto comenzar\u00e1 la etapa decisiva del torneo.","source_text":"","source_url":""},"_links":{"self":[{"href":"https:\/\/todoapulmon-rafaela.com\/index.php\/wp-json\/wp\/v2\/posts\/8505"}],"collection":[{"href":"https:\/\/todoapulmon-rafaela.com\/index.php\/wp-json\/wp\/v2\/posts"}],"about":[{"href":"https:\/\/todoapulmon-rafaela.com\/index.php\/wp-json\/wp\/v2\/types\/post"}],"author":[{"embeddable":true,"href":"https:\/\/todoapulmon-rafaela.com\/index.php\/wp-json\/wp\/v2\/users\/2"}],"replies":[{"embeddable":true,"href":"https:\/\/todoapulmon-rafaela.com\/index.php\/wp-json\/wp\/v2\/comments?post=8505"}],"version-history":[{"count":1,"href":"https:\/\/todoapulmon-rafaela.com\/index.php\/wp-json\/wp\/v2\/posts\/8505\/revisions"}],"predecessor-version":[{"id":8507,"href":"https:\/\/todoapulmon-rafaela.com\/index.php\/wp-json\/wp\/v2\/posts\/8505\/revisions\/8507"}],"wp:featuredmedia":[{"embeddable":true,"href":"https:\/\/todoapulmon-rafaela.com\/index.php\/wp-json\/wp\/v2\/media\/8506"}],"wp:attachment":[{"href":"https:\/\/todoapulmon-rafaela.com\/index.php\/wp-json\/wp\/v2\/media?parent=8505"}],"wp:term":[{"taxonomy":"category","embeddable":true,"href":"https:\/\/todoapulmon-rafaela.com\/index.php\/wp-json\/wp\/v2\/categories?post=8505"},{"taxonomy":"post_tag","embeddable":true,"href":"https:\/\/todoapulmon-rafaela.com\/index.php\/wp-json\/wp\/v2\/tags?post=8505"}],"curies":[{"name":"wp","href":"https:\/\/api.w.org\/{rel}","templated":true}]}}