{"id":8502,"date":"2017-08-16T11:50:29","date_gmt":"2017-08-16T11:50:29","guid":{"rendered":"http:\/\/todoapulmon-rafaela.com\/?p=8502"},"modified":"2017-08-16T11:50:29","modified_gmt":"2017-08-16T11:50:29","slug":"quedo-definido-el-seleccionado-de-caballeros-de-la-foh","status":"publish","type":"post","link":"https:\/\/todoapulmon-rafaela.com\/index.php\/2017\/08\/16\/quedo-definido-el-seleccionado-de-caballeros-de-la-foh\/","title":{"rendered":"Qued\u00f3 definido el seleccionado de caballeros de la FOH"},"content":{"rendered":"<p>Se confirm\u00f3 el plantel del seleccionado masculino de la Federaci\u00f3n del Oeste de Hockey que disputar\u00e1 el Campeonato Nacional de Mayores, Zona Ascenso. El mismo se disputar\u00e1 en Salta (lo mismo que el de damas) del 24 al 27 de agosto.<br \/>\nEl pasado fin de semana hubo un nuevo entrenamiento en La Calera, C\u00f3rdoba, que termin\u00f3 de establecer el listado de jugadores que afrontar\u00e1 la segunda experiencia nacional de la FOH. De 9 de Julio de nuestra ciudad tomar\u00e1n parte en el certamen, Fernando Visconti y Nicol\u00e1s Navarro, junto a representantes de varias ciudades de la provincia de C\u00f3rdoba.<br \/>\nLos jugadores integrantes de la selecci\u00f3n son los siguientes:<br \/>\nMariano Balbo (SFRC).<br \/>\nFernando Visconti (9 de Julio de Rafaela).<br \/>\nLucas Riera (JCVM).<br \/>\nWilson Herrera (J.Ross).<br \/>\nPedro Riva (CACC).<br \/>\nGenaro Lorenzale (CBA Rugby).<br \/>\nEmanuel Branchose (SFRC).<br \/>\nMauricio Molina (J.Ross).<br \/>\nMaico G\u00f3mez (CACC).<br \/>\nFernando Biazzi (JCVM).<br \/>\nFederico Avalos (CBA Rugby).<br \/>\nEmiliano Viola (SFRC).<br \/>\nSantiago Lobos (J.Ross).<br \/>\nLorenzo Jastrzebski (JCVM).<br \/>\nMateo Gallego (J.Ross).<br \/>\nEnzo Ficetti (V\u00e9lez Sarsfield).<br \/>\nNicol\u00e1s Navarro (9 de Julio de Rafaela).<br \/>\nMarcos Medina (CACC).<br \/>\nJavier Saal (CACC).<br \/>\nDT: Sebasti\u00e1n Musso.<br \/>\nAyudante: M\u00f3nica Morgan.<\/p>\n","protected":false},"excerpt":{"rendered":"<p>Se confirm\u00f3 el plantel del seleccionado masculino de la Federaci\u00f3n del Oeste de Hockey que disputar\u00e1 el Campeonato Nacional de<\/p>\n","protected":false},"author":2,"featured_media":8503,"comment_status":"open","ping_status":"open","sticky":false,"template":"","format":"standard","meta":{"footnotes":""},"categories":[3],"tags":[],"class_list":["post-8502","post","type-post","status-publish","format-standard","has-post-thumbnail","hentry","category-hockey"],"cc_featured_image_caption":{"caption_text":"En La Calera se realiz\u00f3 un nuevo entrenamiento el fin de semana (foto Radio Estaci\u00f3n).","source_text":"","source_url":""},"_links":{"self":[{"href":"https:\/\/todoapulmon-rafaela.com\/index.php\/wp-json\/wp\/v2\/posts\/8502"}],"collection":[{"href":"https:\/\/todoapulmon-rafaela.com\/index.php\/wp-json\/wp\/v2\/posts"}],"about":[{"href":"https:\/\/todoapulmon-rafaela.com\/index.php\/wp-json\/wp\/v2\/types\/post"}],"author":[{"embeddable":true,"href":"https:\/\/todoapulmon-rafaela.com\/index.php\/wp-json\/wp\/v2\/users\/2"}],"replies":[{"embeddable":true,"href":"https:\/\/todoapulmon-rafaela.com\/index.php\/wp-json\/wp\/v2\/comments?post=8502"}],"version-history":[{"count":1,"href":"https:\/\/todoapulmon-rafaela.com\/index.php\/wp-json\/wp\/v2\/posts\/8502\/revisions"}],"predecessor-version":[{"id":8504,"href":"https:\/\/todoapulmon-rafaela.com\/index.php\/wp-json\/wp\/v2\/posts\/8502\/revisions\/8504"}],"wp:featuredmedia":[{"embeddable":true,"href":"https:\/\/todoapulmon-rafaela.com\/index.php\/wp-json\/wp\/v2\/media\/8503"}],"wp:attachment":[{"href":"https:\/\/todoapulmon-rafaela.com\/index.php\/wp-json\/wp\/v2\/media?parent=8502"}],"wp:term":[{"taxonomy":"category","embeddable":true,"href":"https:\/\/todoapulmon-rafaela.com\/index.php\/wp-json\/wp\/v2\/categories?post=8502"},{"taxonomy":"post_tag","embeddable":true,"href":"https:\/\/todoapulmon-rafaela.com\/index.php\/wp-json\/wp\/v2\/tags?post=8502"}],"curies":[{"name":"wp","href":"https:\/\/api.w.org\/{rel}","templated":true}]}}