{"id":8481,"date":"2017-08-15T13:19:47","date_gmt":"2017-08-15T13:19:47","guid":{"rendered":"http:\/\/todoapulmon-rafaela.com\/?p=8481"},"modified":"2017-08-15T13:19:47","modified_gmt":"2017-08-15T13:19:47","slug":"las-sensaciones-de-natalia-vera-antes-del-mundial","status":"publish","type":"post","link":"https:\/\/todoapulmon-rafaela.com\/index.php\/2017\/08\/15\/las-sensaciones-de-natalia-vera-antes-del-mundial\/","title":{"rendered":"Las sensaciones de Natalia Vera, antes del Mundial"},"content":{"rendered":"<p>\u00abLa verdad que muy contenta de este campeonato, m\u00e1s que nada orgullosa. No me imaginaba ganar tres medallas de oro, la verdad que sin palabras\u00bb, nos cont\u00f3 d\u00edas pasados Natalia Vera, a poco de llegar a Rafaela luego de su participaci\u00f3n exitosa en el Campeonato Panamericano Juvenil realizado en M\u00e9xico.<\/p>\n<p>La santiague\u00f1a que representa al Club Ciclista, entrenada por Norberto y Daniel Capella, en el vel\u00f3dromo Code Jalisco de Guadalajara subi\u00f3 a lo m\u00e1s alto del podio de la velocidad, los 500 metros con partida detenida y el keirin. Tambi\u00e9n fue cuarta en velocidad por equipos, junto a Maribel Aguirre, y und\u00e9cima en la prueba en l\u00ednea de ruta.<\/p>\n<p>El fin de semana estuvo en su provincia junto a Daniel. Tuvo una gran recepci\u00f3n en Beltr\u00e1n, su terru\u00f1o, y tambi\u00e9n fue recibida por la gobernadora Claudia de Zamora.<\/p>\n<p>El jueves viajar\u00e1 a Italia con el resto del equipo argentino para el Mundial de la categor\u00eda.<br \/>\n\u00abVamos a hacer las mismas especialidades que en el Panamericano, solo que en pista porque ruta no hay\u00bb, explic\u00f3 de cara a su nuevo reto.<\/p>\n<p>Aqu\u00ed el audio completo de la nota:<\/p>\n<!--[if lt IE 9]><script>document.createElement('audio');<\/script><![endif]-->\n<audio class=\"wp-audio-shortcode\" id=\"audio-8481-1\" preload=\"none\" style=\"width: 100%;\" controls=\"controls\"><source type=\"audio\/mpeg\" src=\"http:\/\/todoapulmon-rafaela.com\/wp-content\/uploads\/2017\/08\/Nota_de_voz_131_sd1.m4a?_=1\" \/><a href=\"http:\/\/todoapulmon-rafaela.com\/wp-content\/uploads\/2017\/08\/Nota_de_voz_131_sd1.m4a\">http:\/\/todoapulmon-rafaela.com\/wp-content\/uploads\/2017\/08\/Nota_de_voz_131_sd1.m4a<\/a><\/audio>\n","protected":false},"excerpt":{"rendered":"<p>\u00abLa verdad que muy contenta de este campeonato, m\u00e1s que nada orgullosa. No me imaginaba ganar tres medallas de oro,<\/p>\n","protected":false},"author":2,"featured_media":8482,"comment_status":"open","ping_status":"open","sticky":false,"template":"","format":"standard","meta":{"footnotes":""},"categories":[4,24],"tags":[],"class_list":["post-8481","post","type-post","status-publish","format-standard","has-post-thumbnail","hentry","category-ciclismo","category-noticias-destacadas"],"cc_featured_image_caption":{"caption_text":"Despu\u00e9s del Panamericano, donde fue figura, llega el Mundial en Italia.","source_text":"","source_url":""},"_links":{"self":[{"href":"https:\/\/todoapulmon-rafaela.com\/index.php\/wp-json\/wp\/v2\/posts\/8481"}],"collection":[{"href":"https:\/\/todoapulmon-rafaela.com\/index.php\/wp-json\/wp\/v2\/posts"}],"about":[{"href":"https:\/\/todoapulmon-rafaela.com\/index.php\/wp-json\/wp\/v2\/types\/post"}],"author":[{"embeddable":true,"href":"https:\/\/todoapulmon-rafaela.com\/index.php\/wp-json\/wp\/v2\/users\/2"}],"replies":[{"embeddable":true,"href":"https:\/\/todoapulmon-rafaela.com\/index.php\/wp-json\/wp\/v2\/comments?post=8481"}],"version-history":[{"count":1,"href":"https:\/\/todoapulmon-rafaela.com\/index.php\/wp-json\/wp\/v2\/posts\/8481\/revisions"}],"predecessor-version":[{"id":8484,"href":"https:\/\/todoapulmon-rafaela.com\/index.php\/wp-json\/wp\/v2\/posts\/8481\/revisions\/8484"}],"wp:featuredmedia":[{"embeddable":true,"href":"https:\/\/todoapulmon-rafaela.com\/index.php\/wp-json\/wp\/v2\/media\/8482"}],"wp:attachment":[{"href":"https:\/\/todoapulmon-rafaela.com\/index.php\/wp-json\/wp\/v2\/media?parent=8481"}],"wp:term":[{"taxonomy":"category","embeddable":true,"href":"https:\/\/todoapulmon-rafaela.com\/index.php\/wp-json\/wp\/v2\/categories?post=8481"},{"taxonomy":"post_tag","embeddable":true,"href":"https:\/\/todoapulmon-rafaela.com\/index.php\/wp-json\/wp\/v2\/tags?post=8481"}],"curies":[{"name":"wp","href":"https:\/\/api.w.org\/{rel}","templated":true}]}}