{"id":8478,"date":"2017-08-14T23:08:22","date_gmt":"2017-08-14T23:08:22","guid":{"rendered":"http:\/\/todoapulmon-rafaela.com\/?p=8478"},"modified":"2017-08-16T19:16:09","modified_gmt":"2017-08-16T19:16:09","slug":"santa-fe-vencio-a-cordoba-y-en-la-final-define-con-buenos-aires","status":"publish","type":"post","link":"https:\/\/todoapulmon-rafaela.com\/index.php\/2017\/08\/14\/santa-fe-vencio-a-cordoba-y-en-la-final-define-con-buenos-aires\/","title":{"rendered":"Santa Fe venci\u00f3 a C\u00f3rdoba y en la final define con Buenos Aires"},"content":{"rendered":"<p>El seleccionado de Santa Fe se clasific\u00f3 esta tarde para la final del Campeonato Argentino U19 que se disputa en R\u00edo Tercero. En la cancha del Club 9 de Julio, derrot\u00f3 en una de las semifinales al local C\u00f3rdoba por 84 a 79, y este martes a las 18 ir\u00e1 por el t\u00edtulo en la final ante Provincia de Buenos Aires, vencedor ante Entre R\u00edos por 97 a 72.<\/p>\n<p>En un partido intenso, el equipo de nuestra provincia lleg\u00f3 a ganar por 16 puntos, pero en el tramo final reaccion\u00f3 el local para darle una cuota de incertidumbre al resultado, aunque finalmente cerr\u00f3 de buena manera el juego el elenco dirigido por Marcelo Roig.<\/p>\n<p>El rafaelino Franco Chiabotto tuvo 21 minutos en cancha y convirti\u00f3 9 puntos, con 3-7 en dobles y 3-3 en libres, m\u00e1s 4 rebotes. Los hermanos Alonso aportaron 10 (Auguto) y 2 (Manuel) puntos, respectivamente. Salaberry termin\u00f3 con 21 tantos como goleador, Eydall\u00edn le sigui\u00f3 con 17 y Lucio Varani con 14, entre los m\u00e1s destacados.<\/p>\n","protected":false},"excerpt":{"rendered":"<p>El seleccionado de Santa Fe se clasific\u00f3 esta tarde para la final del Campeonato Argentino U19 que se disputa en<\/p>\n","protected":false},"author":2,"featured_media":8479,"comment_status":"open","ping_status":"open","sticky":false,"template":"","format":"standard","meta":{"footnotes":""},"categories":[5],"tags":[],"class_list":["post-8478","post","type-post","status-publish","format-standard","has-post-thumbnail","hentry","category-basquet"],"cc_featured_image_caption":{"caption_text":"El seleccionado santafesino disputar\u00e1 la final este martes (foto prensa de la Federaci\u00f3n Santafesina).","source_text":"","source_url":""},"_links":{"self":[{"href":"https:\/\/todoapulmon-rafaela.com\/index.php\/wp-json\/wp\/v2\/posts\/8478"}],"collection":[{"href":"https:\/\/todoapulmon-rafaela.com\/index.php\/wp-json\/wp\/v2\/posts"}],"about":[{"href":"https:\/\/todoapulmon-rafaela.com\/index.php\/wp-json\/wp\/v2\/types\/post"}],"author":[{"embeddable":true,"href":"https:\/\/todoapulmon-rafaela.com\/index.php\/wp-json\/wp\/v2\/users\/2"}],"replies":[{"embeddable":true,"href":"https:\/\/todoapulmon-rafaela.com\/index.php\/wp-json\/wp\/v2\/comments?post=8478"}],"version-history":[{"count":1,"href":"https:\/\/todoapulmon-rafaela.com\/index.php\/wp-json\/wp\/v2\/posts\/8478\/revisions"}],"predecessor-version":[{"id":8480,"href":"https:\/\/todoapulmon-rafaela.com\/index.php\/wp-json\/wp\/v2\/posts\/8478\/revisions\/8480"}],"wp:featuredmedia":[{"embeddable":true,"href":"https:\/\/todoapulmon-rafaela.com\/index.php\/wp-json\/wp\/v2\/media\/8479"}],"wp:attachment":[{"href":"https:\/\/todoapulmon-rafaela.com\/index.php\/wp-json\/wp\/v2\/media?parent=8478"}],"wp:term":[{"taxonomy":"category","embeddable":true,"href":"https:\/\/todoapulmon-rafaela.com\/index.php\/wp-json\/wp\/v2\/categories?post=8478"},{"taxonomy":"post_tag","embeddable":true,"href":"https:\/\/todoapulmon-rafaela.com\/index.php\/wp-json\/wp\/v2\/tags?post=8478"}],"curies":[{"name":"wp","href":"https:\/\/api.w.org\/{rel}","templated":true}]}}