{"id":8394,"date":"2017-08-10T01:54:36","date_gmt":"2017-08-10T01:54:36","guid":{"rendered":"http:\/\/todoapulmon-rafaela.com\/?p=8394"},"modified":"2017-08-10T01:54:36","modified_gmt":"2017-08-10T01:54:36","slug":"el-sub-17-de-atletico-en-la-liga-provincial-3","status":"publish","type":"post","link":"https:\/\/todoapulmon-rafaela.com\/index.php\/2017\/08\/10\/el-sub-17-de-atletico-en-la-liga-provincial-3\/","title":{"rendered":"El Sub 17 de Atl\u00e9tico en la Liga Provincial"},"content":{"rendered":"<p>Desde el viernes 4, la categor\u00eda Sub 17 del voley de Atl\u00e9tico de Rafaela incursion\u00f3 por 2\u00b0 vez en la Copa Provincial en la ciudad de Rosario.<br \/>\nLas jugadoras Candela Florio, Violeta Actis, Martina Rabino, Celina Barbero, Camila Picotto, Valentina Scaraf\u00eda, Nadin Toani, Julieta Rivero, Julieta Hoffmann, Marisol Ruata, Lola L\u00f3pez y Candela Girardi, dirigidas t\u00e9cnicamente por la Prof. Marina Francesconi partieron el viernes temprano para disputar los partidos de la zona.<br \/>\nSe enfrentaron a Libertad de San Jer\u00f3nimo, Regatas y Gimnasia y Esgrima de Rosario ante las cuales tras jugar duros partidos cayeron derrotadas y en el \u00faltimo desafio del d\u00eda ante Mar\u00eda Juana lograron demostrar su juego y se impusieron por 2-0.<br \/>\nAunque los resultados no alcanzaron para obtener la clasificaci\u00f3n, este equipo gan\u00f3 en juego, crecimiento y experiencia para poder aplicarlo en lo que queda por delante.<\/p>\n","protected":false},"excerpt":{"rendered":"<p>Desde el viernes 4, la categor\u00eda Sub 17 del voley de Atl\u00e9tico de Rafaela incursion\u00f3 por 2\u00b0 vez en la<\/p>\n","protected":false},"author":2,"featured_media":8383,"comment_status":"open","ping_status":"open","sticky":false,"template":"","format":"standard","meta":{"footnotes":""},"categories":[16],"tags":[],"class_list":["post-8394","post","type-post","status-publish","format-standard","has-post-thumbnail","hentry","category-voley"],"cc_featured_image_caption":{"caption_text":"El plantel celeste que particip\u00f3 del torneo Provincial (foto prensa voley Atl\u00e9tico).","source_text":"","source_url":""},"_links":{"self":[{"href":"https:\/\/todoapulmon-rafaela.com\/index.php\/wp-json\/wp\/v2\/posts\/8394"}],"collection":[{"href":"https:\/\/todoapulmon-rafaela.com\/index.php\/wp-json\/wp\/v2\/posts"}],"about":[{"href":"https:\/\/todoapulmon-rafaela.com\/index.php\/wp-json\/wp\/v2\/types\/post"}],"author":[{"embeddable":true,"href":"https:\/\/todoapulmon-rafaela.com\/index.php\/wp-json\/wp\/v2\/users\/2"}],"replies":[{"embeddable":true,"href":"https:\/\/todoapulmon-rafaela.com\/index.php\/wp-json\/wp\/v2\/comments?post=8394"}],"version-history":[{"count":1,"href":"https:\/\/todoapulmon-rafaela.com\/index.php\/wp-json\/wp\/v2\/posts\/8394\/revisions"}],"predecessor-version":[{"id":8395,"href":"https:\/\/todoapulmon-rafaela.com\/index.php\/wp-json\/wp\/v2\/posts\/8394\/revisions\/8395"}],"wp:featuredmedia":[{"embeddable":true,"href":"https:\/\/todoapulmon-rafaela.com\/index.php\/wp-json\/wp\/v2\/media\/8383"}],"wp:attachment":[{"href":"https:\/\/todoapulmon-rafaela.com\/index.php\/wp-json\/wp\/v2\/media?parent=8394"}],"wp:term":[{"taxonomy":"category","embeddable":true,"href":"https:\/\/todoapulmon-rafaela.com\/index.php\/wp-json\/wp\/v2\/categories?post=8394"},{"taxonomy":"post_tag","embeddable":true,"href":"https:\/\/todoapulmon-rafaela.com\/index.php\/wp-json\/wp\/v2\/tags?post=8394"}],"curies":[{"name":"wp","href":"https:\/\/api.w.org\/{rel}","templated":true}]}}