{"id":8390,"date":"2017-08-09T20:03:09","date_gmt":"2017-08-09T20:03:09","guid":{"rendered":"http:\/\/todoapulmon-rafaela.com\/?p=8390"},"modified":"2017-08-09T20:03:09","modified_gmt":"2017-08-09T20:03:09","slug":"santa-fe-madruga-para-el-debut-en-embalse-2","status":"publish","type":"post","link":"https:\/\/todoapulmon-rafaela.com\/index.php\/2017\/08\/09\/santa-fe-madruga-para-el-debut-en-embalse-2\/","title":{"rendered":"Santa Fe madruga para el debut en Embalse"},"content":{"rendered":"<p>El plantel santafesino de categor\u00eda Sub 19 se instal\u00f3 en Embalse y desde el jueves jugar\u00e1 el Argentino de la categor\u00eda en esa localidad cordobesa y en R\u00edo Tercero. Santa Fe integrar\u00e1 la zona A del torneo, junto a Febamba, Neuqu\u00e9n y San Juan. Integran el combinado los jugadores Franco Chiabotto (9 de Julio), y Manuel y Augusto Alonso (Libertad de Sunchales).<\/p>\n<p>Su debut ser\u00e1 este jueves en el inusual horario de las 9 de la ma\u00f1ana ante los neuquinos en el Polideportivo de Embalse, mientras que el viernes jugar\u00e1 a las 15 frente a San Juan y el s\u00e1bado a las 17 chocar\u00e1 con Febamba.<\/p>\n<p>Los dos mejores de cada zona y los dos mejores terceros pasar\u00e1n a jugar los cuartos de final de la zona Campeonato desde el domingo, mientras que el resto disputar\u00e1n el grupo Est\u00edmulo.<\/p>\n<p>El plantel santafesino lo integran Marco Giordano, Augusto Capra, Juli\u00e1n Eydall\u00edn, Manuel Alonso, Augusto Alonso, Juli\u00e1n Salaberry, \u00c1lvaro Chervo, Jonatan Basualdo, Lucio Varani, Facundo Mascheroni, Franco Chiabotto y Leo Yanson. Mariano Junco, Mat\u00edas Fontanesi y Marcelo Sandoval acompa\u00f1an a Marcelo Roig en el cuerpo t\u00e9cnico.<\/p>\n<p>En la zona B del torneo est\u00e1n Buenos Aires, C\u00f3rdoba, Tucum\u00e1n y Chaco, mientras que en la C participar\u00e1n Mendoza, Entre R\u00edos, Misiones y R\u00edo Negro.<\/p>\n","protected":false},"excerpt":{"rendered":"<p>El plantel santafesino de categor\u00eda Sub 19 se instal\u00f3 en Embalse y desde el jueves jugar\u00e1 el Argentino de la<\/p>\n","protected":false},"author":2,"featured_media":8388,"comment_status":"open","ping_status":"open","sticky":false,"template":"","format":"standard","meta":{"footnotes":""},"categories":[5],"tags":[],"class_list":["post-8390","post","type-post","status-publish","format-standard","has-post-thumbnail","hentry","category-basquet"],"cc_featured_image_caption":{"caption_text":"El equipo de Santa Fe, con presencias de la ARB (foto prensa Federaci\u00f3n Santafesina).","source_text":"","source_url":""},"_links":{"self":[{"href":"https:\/\/todoapulmon-rafaela.com\/index.php\/wp-json\/wp\/v2\/posts\/8390"}],"collection":[{"href":"https:\/\/todoapulmon-rafaela.com\/index.php\/wp-json\/wp\/v2\/posts"}],"about":[{"href":"https:\/\/todoapulmon-rafaela.com\/index.php\/wp-json\/wp\/v2\/types\/post"}],"author":[{"embeddable":true,"href":"https:\/\/todoapulmon-rafaela.com\/index.php\/wp-json\/wp\/v2\/users\/2"}],"replies":[{"embeddable":true,"href":"https:\/\/todoapulmon-rafaela.com\/index.php\/wp-json\/wp\/v2\/comments?post=8390"}],"version-history":[{"count":1,"href":"https:\/\/todoapulmon-rafaela.com\/index.php\/wp-json\/wp\/v2\/posts\/8390\/revisions"}],"predecessor-version":[{"id":8391,"href":"https:\/\/todoapulmon-rafaela.com\/index.php\/wp-json\/wp\/v2\/posts\/8390\/revisions\/8391"}],"wp:featuredmedia":[{"embeddable":true,"href":"https:\/\/todoapulmon-rafaela.com\/index.php\/wp-json\/wp\/v2\/media\/8388"}],"wp:attachment":[{"href":"https:\/\/todoapulmon-rafaela.com\/index.php\/wp-json\/wp\/v2\/media?parent=8390"}],"wp:term":[{"taxonomy":"category","embeddable":true,"href":"https:\/\/todoapulmon-rafaela.com\/index.php\/wp-json\/wp\/v2\/categories?post=8390"},{"taxonomy":"post_tag","embeddable":true,"href":"https:\/\/todoapulmon-rafaela.com\/index.php\/wp-json\/wp\/v2\/tags?post=8390"}],"curies":[{"name":"wp","href":"https:\/\/api.w.org\/{rel}","templated":true}]}}