{"id":8279,"date":"2017-08-04T16:36:07","date_gmt":"2017-08-04T16:36:07","guid":{"rendered":"http:\/\/todoapulmon-rafaela.com\/?p=8279"},"modified":"2017-08-04T16:36:07","modified_gmt":"2017-08-04T16:36:07","slug":"el-domingo-la-previa-de-los-21k","status":"publish","type":"post","link":"https:\/\/todoapulmon-rafaela.com\/index.php\/2017\/08\/04\/el-domingo-la-previa-de-los-21k\/","title":{"rendered":"El domingo, la previa de los 21K"},"content":{"rendered":"<p>Con una prueba recreativa de 7.000 metros, este domingo 6 de agosto se llevar\u00e1 a cabo la denominada \u00abPrevia de los 21k\u00bb, organizada por la Municipalidad de Rafaela como antesala de lo que ser\u00e1 la gran jornada del 24 de septiembre, cuando se desarrolle la tradicional media marat\u00f3n de nuestra ciudad.<\/p>\n<p>La actividad dar\u00e1 comienzo a las 15.30 en la Plazoleta Sargento Cabral y tendr\u00e1 desarrollo por la Ciclov\u00eda de Estanislao del Campo. El itinerario comprende: Plazoleta Sargento Cabral, Aero Club, Bv. Irigoyen y Plazoleta Sargento Cabral.<\/p>\n<p>Habr\u00e1 entrada en calor, puestos de hidrataci\u00f3n, sorteos y remeras para los primeros 200 participantes.<\/p>\n","protected":false},"excerpt":{"rendered":"<p>Con una prueba recreativa de 7.000 metros, este domingo 6 de agosto se llevar\u00e1 a cabo la denominada \u00abPrevia de<\/p>\n","protected":false},"author":2,"featured_media":8280,"comment_status":"open","ping_status":"open","sticky":false,"template":"","format":"standard","meta":{"footnotes":""},"categories":[7,24],"tags":[],"class_list":["post-8279","post","type-post","status-publish","format-standard","has-post-thumbnail","hentry","category-atletismo","category-noticias-destacadas"],"cc_featured_image_caption":{"caption_text":"El domingo desde las 15.30 se realizar\u00e1 la programaci\u00f3n en la Ciclov\u00eda.","source_text":"","source_url":""},"_links":{"self":[{"href":"https:\/\/todoapulmon-rafaela.com\/index.php\/wp-json\/wp\/v2\/posts\/8279"}],"collection":[{"href":"https:\/\/todoapulmon-rafaela.com\/index.php\/wp-json\/wp\/v2\/posts"}],"about":[{"href":"https:\/\/todoapulmon-rafaela.com\/index.php\/wp-json\/wp\/v2\/types\/post"}],"author":[{"embeddable":true,"href":"https:\/\/todoapulmon-rafaela.com\/index.php\/wp-json\/wp\/v2\/users\/2"}],"replies":[{"embeddable":true,"href":"https:\/\/todoapulmon-rafaela.com\/index.php\/wp-json\/wp\/v2\/comments?post=8279"}],"version-history":[{"count":1,"href":"https:\/\/todoapulmon-rafaela.com\/index.php\/wp-json\/wp\/v2\/posts\/8279\/revisions"}],"predecessor-version":[{"id":8281,"href":"https:\/\/todoapulmon-rafaela.com\/index.php\/wp-json\/wp\/v2\/posts\/8279\/revisions\/8281"}],"wp:featuredmedia":[{"embeddable":true,"href":"https:\/\/todoapulmon-rafaela.com\/index.php\/wp-json\/wp\/v2\/media\/8280"}],"wp:attachment":[{"href":"https:\/\/todoapulmon-rafaela.com\/index.php\/wp-json\/wp\/v2\/media?parent=8279"}],"wp:term":[{"taxonomy":"category","embeddable":true,"href":"https:\/\/todoapulmon-rafaela.com\/index.php\/wp-json\/wp\/v2\/categories?post=8279"},{"taxonomy":"post_tag","embeddable":true,"href":"https:\/\/todoapulmon-rafaela.com\/index.php\/wp-json\/wp\/v2\/tags?post=8279"}],"curies":[{"name":"wp","href":"https:\/\/api.w.org\/{rel}","templated":true}]}}