{"id":8035,"date":"2017-07-25T14:01:54","date_gmt":"2017-07-25T14:01:54","guid":{"rendered":"http:\/\/todoapulmon-rafaela.com\/?p=8035"},"modified":"2017-07-25T14:01:54","modified_gmt":"2017-07-25T14:01:54","slug":"raul-durando-subcampeon-argentino","status":"publish","type":"post","link":"https:\/\/todoapulmon-rafaela.com\/index.php\/2017\/07\/25\/raul-durando-subcampeon-argentino\/","title":{"rendered":"Ra\u00fal Durando, subcampe\u00f3n argentino"},"content":{"rendered":"<p>El pasado fin de semana se desarroll\u00f3 en el Dique el Jumeal, Catamarca, un nuevo Campeonato Argentino XCO, con mas de 500 corredores entre las diferentes categor\u00edas y un gran nivel de competencia.<\/p>\n<p>En la divisi\u00f3n Master D2 el rafaelino Ra\u00fal Durando volvi\u00f3 a demostrar su gran vigencia logrando el subcampeonato con un tiempo de 52m30s18\/100. El campe\u00f3n fue Hugo Marcantonio (Tucum\u00e1n) en 51m40s, mientra que el tercer puesto fue para Carlos Yacovino (Buenos Aires) en 53m58s.<\/p>\n<p>En junio pasado, Durando ven\u00eda de consagrarse en la modalidad Rally Bike en Villa Carlos Paz.<\/p>\n<p>LOS PROFESIONALES<\/p>\n<p>El entrerriano Catriel Soto se qued\u00f3 con el m\u00e1ximo t\u00edtulo a nivel nacional, logrando su novena corona y octava en forma consecutiva, seguido por Alvaro Mac\u00edas y tercero fue el tucumano Rodrigo Altamirano. Entre las Damas las nueva reina es la Sanjuanina Ines G<span class=\"text_exposed_show\">utierrez, con su primera corona y cortando el dominio de Agustina Apaza, Paula Quiros y Sof\u00eda Gomez completaron el podio.<\/span><\/p>\n<p>En Master A2, donde se consagr\u00f3 el cordob\u00e9s Gabriel Facchin, fue octavo Pablo Maldonado, oriundo de Brinkmann y habitual protagonista destacado de las competencias regionales.<\/p>\n<p>&nbsp;<\/p>\n","protected":false},"excerpt":{"rendered":"<p>El pasado fin de semana se desarroll\u00f3 en el Dique el Jumeal, Catamarca, un nuevo Campeonato Argentino XCO, con mas<\/p>\n","protected":false},"author":2,"featured_media":8036,"comment_status":"open","ping_status":"open","sticky":false,"template":"","format":"standard","meta":{"footnotes":""},"categories":[4,24],"tags":[],"class_list":["post-8035","post","type-post","status-publish","format-standard","has-post-thumbnail","hentry","category-ciclismo","category-noticias-destacadas"],"cc_featured_image_caption":{"caption_text":"El podio de Master D2 en Catamarca donde el rafaelino (izq.) tuvo nuevamente un lugar. (Foto FACIMO).","source_text":"","source_url":""},"_links":{"self":[{"href":"https:\/\/todoapulmon-rafaela.com\/index.php\/wp-json\/wp\/v2\/posts\/8035"}],"collection":[{"href":"https:\/\/todoapulmon-rafaela.com\/index.php\/wp-json\/wp\/v2\/posts"}],"about":[{"href":"https:\/\/todoapulmon-rafaela.com\/index.php\/wp-json\/wp\/v2\/types\/post"}],"author":[{"embeddable":true,"href":"https:\/\/todoapulmon-rafaela.com\/index.php\/wp-json\/wp\/v2\/users\/2"}],"replies":[{"embeddable":true,"href":"https:\/\/todoapulmon-rafaela.com\/index.php\/wp-json\/wp\/v2\/comments?post=8035"}],"version-history":[{"count":1,"href":"https:\/\/todoapulmon-rafaela.com\/index.php\/wp-json\/wp\/v2\/posts\/8035\/revisions"}],"predecessor-version":[{"id":8037,"href":"https:\/\/todoapulmon-rafaela.com\/index.php\/wp-json\/wp\/v2\/posts\/8035\/revisions\/8037"}],"wp:featuredmedia":[{"embeddable":true,"href":"https:\/\/todoapulmon-rafaela.com\/index.php\/wp-json\/wp\/v2\/media\/8036"}],"wp:attachment":[{"href":"https:\/\/todoapulmon-rafaela.com\/index.php\/wp-json\/wp\/v2\/media?parent=8035"}],"wp:term":[{"taxonomy":"category","embeddable":true,"href":"https:\/\/todoapulmon-rafaela.com\/index.php\/wp-json\/wp\/v2\/categories?post=8035"},{"taxonomy":"post_tag","embeddable":true,"href":"https:\/\/todoapulmon-rafaela.com\/index.php\/wp-json\/wp\/v2\/tags?post=8035"}],"curies":[{"name":"wp","href":"https:\/\/api.w.org\/{rel}","templated":true}]}}