{"id":8012,"date":"2017-07-25T12:33:03","date_gmt":"2017-07-25T12:33:03","guid":{"rendered":"http:\/\/todoapulmon-rafaela.com\/?p=8012"},"modified":"2017-07-25T12:33:03","modified_gmt":"2017-07-25T12:33:03","slug":"podio-para-franco-vazquez-y-triunfo-de-andrea-guenzi","status":"publish","type":"post","link":"https:\/\/todoapulmon-rafaela.com\/index.php\/2017\/07\/25\/podio-para-franco-vazquez-y-triunfo-de-andrea-guenzi\/","title":{"rendered":"Podio para Franco Vazquez y triunfo de Andrea G\u00fcenzi"},"content":{"rendered":"<p>Organizado por la Subcomisi\u00f3n de Ciclismo de la Universidad Nacional del Litoral y el grupo Puro Ciclismo, este domingo 23 de Julio se llev\u00f3 a cabo en un trazado urbano ubicado sobre la Costanera Oeste de la ciudad de Santa Fe un festival cicl\u00edstico, el cual fue fiscalizado por la Federaci\u00f3n Santafesina de Ciclismo.<\/p>\n<p>El epicentro de la jornada fue la competencia de\u00a070 minutos de duraci\u00f3n, disputada bajo la modalidad de prueba a los puntos, con 7 sprint (1 cada 10 minutos), donde los casi 30 participantes fueron poni\u00e9ndole fin a la excelente tarde cicl\u00edstica. En la misma tuvo una destacada labor el rafaelino Franco Vazquez, que culmin\u00f3 tercero.<\/p>\n<p>Tras varios intentos de fugas que en reiteradas ocasiones fue neutralizado por el pelot\u00f3n mayoritario, se fue dando formato a la competencia, que consagr\u00f3 a Mario Sosa del Equipo Esco Agroplan Los Cascos en primera ubicaci\u00f3n, seguido por el representante de San Francisco, Diego Asis y Franco V\u00e1zquez (Esco Agroplan), para poner a dos hombres en los tres principales escalones del podio de la escuadra entrerriana.<\/p>\n<p>CLASIFICACION FINAL<\/p>\n<p>1) Mario Sosa (Equipo Esco Agroplan Los Cascos).<br \/>\n2) Diego Asis \u00a0(San Francisco).<br \/>\n3) Franco V\u00e1zquez (Equipo Esco Agroplan).<br \/>\n4) Eduardo Parks (Capella Competici\u00f3n).<br \/>\n5) Gabriel Carena (Equipo Esco Agroplan).<\/p>\n<p>TRIUNFO DE GUENZI<\/p>\n<p>En tanto, en la prueba reservada para Damas y Master C y D, la rafaelina Andrea G\u00fcenzi consigui\u00f3 la victoria en una muy buena labor. La segunda posici\u00f3n fue para la laureada esperancina Valeria M\u00fcller, en tanto que el tercer puesto correspondi\u00f3 a la cordobesa Antonella Garc\u00eda.<\/p>\n<p>&nbsp;<\/p>\n<p>&nbsp;<\/p>\n<p>&nbsp;<\/p>\n<div class=\"text_exposed_show\"><\/div>\n","protected":false},"excerpt":{"rendered":"<p>Organizado por la Subcomisi\u00f3n de Ciclismo de la Universidad Nacional del Litoral y el grupo Puro Ciclismo, este domingo 23<\/p>\n","protected":false},"author":2,"featured_media":8026,"comment_status":"open","ping_status":"open","sticky":false,"template":"","format":"standard","meta":{"footnotes":""},"categories":[4,24],"tags":[],"class_list":["post-8012","post","type-post","status-publish","format-standard","has-post-thumbnail","hentry","category-ciclismo","category-noticias-destacadas"],"cc_featured_image_caption":{"caption_text":"Franco Vazquez (derecha) fue tercero el domingo en Santa Fe.","source_text":"","source_url":""},"_links":{"self":[{"href":"https:\/\/todoapulmon-rafaela.com\/index.php\/wp-json\/wp\/v2\/posts\/8012"}],"collection":[{"href":"https:\/\/todoapulmon-rafaela.com\/index.php\/wp-json\/wp\/v2\/posts"}],"about":[{"href":"https:\/\/todoapulmon-rafaela.com\/index.php\/wp-json\/wp\/v2\/types\/post"}],"author":[{"embeddable":true,"href":"https:\/\/todoapulmon-rafaela.com\/index.php\/wp-json\/wp\/v2\/users\/2"}],"replies":[{"embeddable":true,"href":"https:\/\/todoapulmon-rafaela.com\/index.php\/wp-json\/wp\/v2\/comments?post=8012"}],"version-history":[{"count":2,"href":"https:\/\/todoapulmon-rafaela.com\/index.php\/wp-json\/wp\/v2\/posts\/8012\/revisions"}],"predecessor-version":[{"id":8027,"href":"https:\/\/todoapulmon-rafaela.com\/index.php\/wp-json\/wp\/v2\/posts\/8012\/revisions\/8027"}],"wp:featuredmedia":[{"embeddable":true,"href":"https:\/\/todoapulmon-rafaela.com\/index.php\/wp-json\/wp\/v2\/media\/8026"}],"wp:attachment":[{"href":"https:\/\/todoapulmon-rafaela.com\/index.php\/wp-json\/wp\/v2\/media?parent=8012"}],"wp:term":[{"taxonomy":"category","embeddable":true,"href":"https:\/\/todoapulmon-rafaela.com\/index.php\/wp-json\/wp\/v2\/categories?post=8012"},{"taxonomy":"post_tag","embeddable":true,"href":"https:\/\/todoapulmon-rafaela.com\/index.php\/wp-json\/wp\/v2\/tags?post=8012"}],"curies":[{"name":"wp","href":"https:\/\/api.w.org\/{rel}","templated":true}]}}