{"id":7901,"date":"2017-07-18T18:05:47","date_gmt":"2017-07-18T18:05:47","guid":{"rendered":"http:\/\/todoapulmon-rafaela.com\/?p=7901"},"modified":"2017-07-18T18:05:47","modified_gmt":"2017-07-18T18:05:47","slug":"los-pibes-hicieron-podio-en-las-brenas-y-quilmes","status":"publish","type":"post","link":"https:\/\/todoapulmon-rafaela.com\/index.php\/2017\/07\/18\/los-pibes-hicieron-podio-en-las-brenas-y-quilmes\/","title":{"rendered":"Los pibes hicieron podio en Las Bre\u00f1as y Quilmes"},"content":{"rendered":"<p>Centenares de pedalistas de diferentes provincias fueron parte el domingo de la gran jornada de ciclismo programada en el vel\u00f3dromo \u201cSergio Gassmann\u201d de Las Bre\u00f1as, Chaco, con motivo de la 13\u00aa edici\u00f3n de la \u00abCopa Nacional de Ciclismo Infanto Juvenil\u00bb.<\/p>\n<p>En la misma tuvieron una destacada labor, en la categor\u00eda 2003, los representantes del Club Ciclista de Rafaela. Santiago Lambert fue segundo, en tanto que Ezequiel Reisch ocup\u00f3 la tercera posici\u00f3n. Tambi\u00e9n estuvo inscripto Mat\u00edas Pernuzzi. El ganador de la carrera fue Tom\u00e1s Ruiz, de Santa Fe.<\/p>\n<p>Por otra parte, en Quilmes, la selecci\u00f3n argentina del proyecto Buenos Aires 2018 tom\u00f3 parte de una programaci\u00f3n cicl\u00edstica en esa ciudad bonaerense junto a los juveniles. El rafaelino Yoel Vargas qued\u00f3 cuarto en la competencia y fue segundo entre los pertenecientes a las categor\u00edas 2001\/02, habiendo obtenido uno de los sprints. Rodrigo Corro (9 de Julio, Buenos Aires) qued\u00f3 primero en esta categor\u00eda y segundo en el agrupado de juveniles.<\/p>\n","protected":false},"excerpt":{"rendered":"<p>Centenares de pedalistas de diferentes provincias fueron parte el domingo de la gran jornada de ciclismo programada en el vel\u00f3dromo<\/p>\n","protected":false},"author":2,"featured_media":7902,"comment_status":"open","ping_status":"open","sticky":false,"template":"","format":"standard","meta":{"footnotes":""},"categories":[4,24],"tags":[],"class_list":["post-7901","post","type-post","status-publish","format-standard","has-post-thumbnail","hentry","category-ciclismo","category-noticias-destacadas"],"cc_featured_image_caption":{"caption_text":"Los chicos 2003 en la Copa Infanto Juvenil de Las Bre\u00f1as y Yoel Vargas con el segundo puesto 2001 en Quilmes.","source_text":"","source_url":""},"_links":{"self":[{"href":"https:\/\/todoapulmon-rafaela.com\/index.php\/wp-json\/wp\/v2\/posts\/7901"}],"collection":[{"href":"https:\/\/todoapulmon-rafaela.com\/index.php\/wp-json\/wp\/v2\/posts"}],"about":[{"href":"https:\/\/todoapulmon-rafaela.com\/index.php\/wp-json\/wp\/v2\/types\/post"}],"author":[{"embeddable":true,"href":"https:\/\/todoapulmon-rafaela.com\/index.php\/wp-json\/wp\/v2\/users\/2"}],"replies":[{"embeddable":true,"href":"https:\/\/todoapulmon-rafaela.com\/index.php\/wp-json\/wp\/v2\/comments?post=7901"}],"version-history":[{"count":1,"href":"https:\/\/todoapulmon-rafaela.com\/index.php\/wp-json\/wp\/v2\/posts\/7901\/revisions"}],"predecessor-version":[{"id":7903,"href":"https:\/\/todoapulmon-rafaela.com\/index.php\/wp-json\/wp\/v2\/posts\/7901\/revisions\/7903"}],"wp:featuredmedia":[{"embeddable":true,"href":"https:\/\/todoapulmon-rafaela.com\/index.php\/wp-json\/wp\/v2\/media\/7902"}],"wp:attachment":[{"href":"https:\/\/todoapulmon-rafaela.com\/index.php\/wp-json\/wp\/v2\/media?parent=7901"}],"wp:term":[{"taxonomy":"category","embeddable":true,"href":"https:\/\/todoapulmon-rafaela.com\/index.php\/wp-json\/wp\/v2\/categories?post=7901"},{"taxonomy":"post_tag","embeddable":true,"href":"https:\/\/todoapulmon-rafaela.com\/index.php\/wp-json\/wp\/v2\/tags?post=7901"}],"curies":[{"name":"wp","href":"https:\/\/api.w.org\/{rel}","templated":true}]}}