{"id":7891,"date":"2017-07-18T14:14:45","date_gmt":"2017-07-18T14:14:45","guid":{"rendered":"http:\/\/todoapulmon-rafaela.com\/?p=7891"},"modified":"2017-07-18T14:18:02","modified_gmt":"2017-07-18T14:18:02","slug":"destacada-labor-en-los-provinciales-5","status":"publish","type":"post","link":"https:\/\/todoapulmon-rafaela.com\/index.php\/2017\/07\/18\/destacada-labor-en-los-provinciales-5\/","title":{"rendered":"Destacada labor en los Provinciales"},"content":{"rendered":"<p>El s\u00e1bado 16 de julio la Asociaci\u00f3n Regional Rafaelina de Bochas fue part\u00edcipe del Campeonato Provincial de segunda categor\u00eda y veteranos en la ciudad de San Jorge.<\/p>\n<p>El representativo de nuestro medio logr\u00f3 mantener sus buenos resultados, con el meritorio tercer puesto en segunda y el relevante cuarto puesto en veteranos, demostrando que la Asociaci\u00f3n Rafaelina sigue siendo protagonista en las competencias provinciales. El primero de los equipos fue integrado por Carlos Acosta, Rub\u00e9n Acosta y Emanuel Walter, con la direcci\u00f3n t\u00e9cnica de Atilio Hogrefe. En tanto, el representativo de veteranos estuvo formado por Juan Gorosito, Oscar Dominguez, Luis Reyes y Mario Feblin como DT.<\/p>\n<figure id=\"attachment_7894\" aria-describedby=\"caption-attachment-7894\" style=\"width: 225px\" class=\"wp-caption alignnone\"><img loading=\"lazy\" decoding=\"async\" class=\"size-medium wp-image-7894\" src=\"http:\/\/todoapulmon-rafaela.com\/wp-content\/uploads\/2017\/07\/Veteranos-san-jorge-1-225x300.jpg\" alt=\"El equipo de veteranos de la ARRB.\" width=\"225\" height=\"300\" srcset=\"https:\/\/todoapulmon-rafaela.com\/wp-content\/uploads\/2017\/07\/Veteranos-san-jorge-1-225x300.jpg 225w, https:\/\/todoapulmon-rafaela.com\/wp-content\/uploads\/2017\/07\/Veteranos-san-jorge-1-768x1024.jpg 768w, https:\/\/todoapulmon-rafaela.com\/wp-content\/uploads\/2017\/07\/Veteranos-san-jorge-1.jpg 960w\" sizes=\"(max-width: 225px) 100vw, 225px\" \/><figcaption id=\"caption-attachment-7894\" class=\"wp-caption-text\">El equipo de veteranos de la ARRB.<\/figcaption><\/figure>\n","protected":false},"excerpt":{"rendered":"<p>El s\u00e1bado 16 de julio la Asociaci\u00f3n Regional Rafaelina de Bochas fue part\u00edcipe del Campeonato Provincial de segunda categor\u00eda y<\/p>\n","protected":false},"author":2,"featured_media":7892,"comment_status":"open","ping_status":"open","sticky":false,"template":"","format":"standard","meta":{"footnotes":""},"categories":[27,24],"tags":[],"class_list":["post-7891","post","type-post","status-publish","format-standard","has-post-thumbnail","hentry","category-bochas","category-noticias-destacadas"],"cc_featured_image_caption":{"caption_text":"El equipo de Segunda categor\u00eda de la ARRB obtuvo el tercer puesto en San Jorge.","source_text":"","source_url":""},"_links":{"self":[{"href":"https:\/\/todoapulmon-rafaela.com\/index.php\/wp-json\/wp\/v2\/posts\/7891"}],"collection":[{"href":"https:\/\/todoapulmon-rafaela.com\/index.php\/wp-json\/wp\/v2\/posts"}],"about":[{"href":"https:\/\/todoapulmon-rafaela.com\/index.php\/wp-json\/wp\/v2\/types\/post"}],"author":[{"embeddable":true,"href":"https:\/\/todoapulmon-rafaela.com\/index.php\/wp-json\/wp\/v2\/users\/2"}],"replies":[{"embeddable":true,"href":"https:\/\/todoapulmon-rafaela.com\/index.php\/wp-json\/wp\/v2\/comments?post=7891"}],"version-history":[{"count":2,"href":"https:\/\/todoapulmon-rafaela.com\/index.php\/wp-json\/wp\/v2\/posts\/7891\/revisions"}],"predecessor-version":[{"id":7895,"href":"https:\/\/todoapulmon-rafaela.com\/index.php\/wp-json\/wp\/v2\/posts\/7891\/revisions\/7895"}],"wp:featuredmedia":[{"embeddable":true,"href":"https:\/\/todoapulmon-rafaela.com\/index.php\/wp-json\/wp\/v2\/media\/7892"}],"wp:attachment":[{"href":"https:\/\/todoapulmon-rafaela.com\/index.php\/wp-json\/wp\/v2\/media?parent=7891"}],"wp:term":[{"taxonomy":"category","embeddable":true,"href":"https:\/\/todoapulmon-rafaela.com\/index.php\/wp-json\/wp\/v2\/categories?post=7891"},{"taxonomy":"post_tag","embeddable":true,"href":"https:\/\/todoapulmon-rafaela.com\/index.php\/wp-json\/wp\/v2\/tags?post=7891"}],"curies":[{"name":"wp","href":"https:\/\/api.w.org\/{rel}","templated":true}]}}