{"id":7800,"date":"2017-07-12T22:18:59","date_gmt":"2017-07-12T22:18:59","guid":{"rendered":"http:\/\/todoapulmon-rafaela.com\/?p=7800"},"modified":"2017-07-12T22:25:17","modified_gmt":"2017-07-12T22:25:17","slug":"es-un-plantel-super-competitivo","status":"publish","type":"post","link":"https:\/\/todoapulmon-rafaela.com\/index.php\/2017\/07\/12\/es-un-plantel-super-competitivo\/","title":{"rendered":"\u00abEs un plantel s\u00faper competitivo\u00bb"},"content":{"rendered":"<p>Este mi\u00e9rcoles en Todo a Pulm\u00f3n radio dialogamos con Fabi\u00e1n Montesano, entrenador del seleccionado Sub 16 de damas de la Asociaci\u00f3n Santafesina de Hockey, que se prepara para el Campeonato Argentino que disputar\u00e1 en la Zona Campeonato del 7 al 10 de septiembre en Tucum\u00e1n.<\/p>\n<p>\u00abEs una responsabilidad muy alta para m\u00ed, ya que es un plantel s\u00faper competitivo y es un gran desaf\u00edo dirigirlo en un campeonato donde estar\u00e1n los mejores equipos del pa\u00eds en la categor\u00eda\u00bb, mencion\u00f3 el Coordinador del hockey del CRAR, adem\u00e1s de entrenador actual de las divisiones formativas m\u00e1s grandes.<\/p>\n<p>El entrenador hizo hincapi\u00e9 en que el nivel del grupo es parejo y que ser\u00e1n dif\u00edciles las decisiones de los cortes, ya que la preselecci\u00f3n que lleva trabajando alrededor de un mes es de 37 jugadoras, recordando que cinco son de CRAR: Abril Beltramino, Catalina Ingaramo, Luna Costamagna, Alina Costamagna y Rosario Cordero.<\/p>\n<p>Aqu\u00ed el audio de la nota:<\/p>\n<!--[if lt IE 9]><script>document.createElement('audio');<\/script><![endif]-->\n<audio class=\"wp-audio-shortcode\" id=\"audio-7800-1\" preload=\"none\" style=\"width: 100%;\" controls=\"controls\"><source type=\"audio\/mpeg\" src=\"http:\/\/todoapulmon-rafaela.com\/wp-content\/uploads\/2017\/07\/12-07-17-FABIAN-MONTESANO.mp3?_=1\" \/><a href=\"http:\/\/todoapulmon-rafaela.com\/wp-content\/uploads\/2017\/07\/12-07-17-FABIAN-MONTESANO.mp3\">http:\/\/todoapulmon-rafaela.com\/wp-content\/uploads\/2017\/07\/12-07-17-FABIAN-MONTESANO.mp3<\/a><\/audio>\n","protected":false},"excerpt":{"rendered":"<p>Este mi\u00e9rcoles en Todo a Pulm\u00f3n radio dialogamos con Fabi\u00e1n Montesano, entrenador del seleccionado Sub 16 de damas de la<\/p>\n","protected":false},"author":2,"featured_media":7801,"comment_status":"open","ping_status":"open","sticky":false,"template":"","format":"standard","meta":{"footnotes":""},"categories":[3,24],"tags":[],"class_list":["post-7800","post","type-post","status-publish","format-standard","has-post-thumbnail","hentry","category-hockey","category-noticias-destacadas"],"cc_featured_image_caption":{"caption_text":"Montesano elogi\u00f3 el nivel que hay en el preseleccionado de la ASH, que tiene cinco jugadoras de CRAR.","source_text":"","source_url":""},"_links":{"self":[{"href":"https:\/\/todoapulmon-rafaela.com\/index.php\/wp-json\/wp\/v2\/posts\/7800"}],"collection":[{"href":"https:\/\/todoapulmon-rafaela.com\/index.php\/wp-json\/wp\/v2\/posts"}],"about":[{"href":"https:\/\/todoapulmon-rafaela.com\/index.php\/wp-json\/wp\/v2\/types\/post"}],"author":[{"embeddable":true,"href":"https:\/\/todoapulmon-rafaela.com\/index.php\/wp-json\/wp\/v2\/users\/2"}],"replies":[{"embeddable":true,"href":"https:\/\/todoapulmon-rafaela.com\/index.php\/wp-json\/wp\/v2\/comments?post=7800"}],"version-history":[{"count":1,"href":"https:\/\/todoapulmon-rafaela.com\/index.php\/wp-json\/wp\/v2\/posts\/7800\/revisions"}],"predecessor-version":[{"id":7803,"href":"https:\/\/todoapulmon-rafaela.com\/index.php\/wp-json\/wp\/v2\/posts\/7800\/revisions\/7803"}],"wp:featuredmedia":[{"embeddable":true,"href":"https:\/\/todoapulmon-rafaela.com\/index.php\/wp-json\/wp\/v2\/media\/7801"}],"wp:attachment":[{"href":"https:\/\/todoapulmon-rafaela.com\/index.php\/wp-json\/wp\/v2\/media?parent=7800"}],"wp:term":[{"taxonomy":"category","embeddable":true,"href":"https:\/\/todoapulmon-rafaela.com\/index.php\/wp-json\/wp\/v2\/categories?post=7800"},{"taxonomy":"post_tag","embeddable":true,"href":"https:\/\/todoapulmon-rafaela.com\/index.php\/wp-json\/wp\/v2\/tags?post=7800"}],"curies":[{"name":"wp","href":"https:\/\/api.w.org\/{rel}","templated":true}]}}