{"id":7797,"date":"2017-07-12T21:57:06","date_gmt":"2017-07-12T21:57:06","guid":{"rendered":"http:\/\/todoapulmon-rafaela.com\/?p=7797"},"modified":"2017-07-12T21:57:06","modified_gmt":"2017-07-12T21:57:06","slug":"romitelli-fue-tercero-en-ecuador-preparandose-para-el-mundial","status":"publish","type":"post","link":"https:\/\/todoapulmon-rafaela.com\/index.php\/2017\/07\/12\/romitelli-fue-tercero-en-ecuador-preparandose-para-el-mundial\/","title":{"rendered":"Romitelli fue tercero en Ecuador, prepar\u00e1ndose para el Mundial"},"content":{"rendered":"<p>Un balance positivo realiz\u00f3 Germ\u00e1n Romitelli de su participaci\u00f3n en el torneo internacional de tiro pr\u00e1ctico realizado en Guayaquil, Ecuador, a comienzos de julio. El certamen, que tuvo nuevamente la participaci\u00f3n del franc\u00e9s Eric Grauffel, m\u00faltiple campe\u00f3n mundial, le permiti\u00f3 al rafaelino ir teniendo una medida de cara a su participaci\u00f3n mundialista prevista para fines de agosto en Francia.<\/p>\n<p>En Todo a Pulm\u00f3n radio, el representante del Tiro Federal de Rafaela nos cont\u00f3 que en el primer d\u00eda le cost\u00f3 un poco encontrar su mejor nivel, pero que en el segundo pudo enfocarse y tirar muy bien, para culminar en la tercera posici\u00f3n. El ganador fue Grauffel, seguido por el estadounidense Salvador Luna y el podio lo complet\u00f3 Romitelli.<\/p>\n<p>Cabe mencionar que el venidero fin de semana estar\u00e1 en nuestra ciudad el equipo argentino de la categor\u00eda Producci\u00f3n, entrenando en el Tiro Federal.<\/p>\n<p>Aqu\u00ed el audio de la nota con Romitelli:<\/p>\n<!--[if lt IE 9]><script>document.createElement('audio');<\/script><![endif]-->\n<audio class=\"wp-audio-shortcode\" id=\"audio-7797-1\" preload=\"none\" style=\"width: 100%;\" controls=\"controls\"><source type=\"audio\/mpeg\" src=\"http:\/\/todoapulmon-rafaela.com\/wp-content\/uploads\/2017\/07\/10-07-17-GERMAN-.mp3?_=1\" \/><a href=\"http:\/\/todoapulmon-rafaela.com\/wp-content\/uploads\/2017\/07\/10-07-17-GERMAN-.mp3\">http:\/\/todoapulmon-rafaela.com\/wp-content\/uploads\/2017\/07\/10-07-17-GERMAN-.mp3<\/a><\/audio>\n<p>&nbsp;<\/p>\n","protected":false},"excerpt":{"rendered":"<p>Un balance positivo realiz\u00f3 Germ\u00e1n Romitelli de su participaci\u00f3n en el torneo internacional de tiro pr\u00e1ctico realizado en Guayaquil, Ecuador,<\/p>\n","protected":false},"author":2,"featured_media":6056,"comment_status":"open","ping_status":"open","sticky":false,"template":"","format":"standard","meta":{"footnotes":""},"categories":[24,19],"tags":[],"class_list":["post-7797","post","type-post","status-publish","format-standard","has-post-thumbnail","hentry","category-noticias-destacadas","category-tiro"],"cc_featured_image_caption":{"caption_text":"Germ\u00e1n Romitelli estuvo en Ecuador por segunda vez en esta temporada.","source_text":"","source_url":""},"_links":{"self":[{"href":"https:\/\/todoapulmon-rafaela.com\/index.php\/wp-json\/wp\/v2\/posts\/7797"}],"collection":[{"href":"https:\/\/todoapulmon-rafaela.com\/index.php\/wp-json\/wp\/v2\/posts"}],"about":[{"href":"https:\/\/todoapulmon-rafaela.com\/index.php\/wp-json\/wp\/v2\/types\/post"}],"author":[{"embeddable":true,"href":"https:\/\/todoapulmon-rafaela.com\/index.php\/wp-json\/wp\/v2\/users\/2"}],"replies":[{"embeddable":true,"href":"https:\/\/todoapulmon-rafaela.com\/index.php\/wp-json\/wp\/v2\/comments?post=7797"}],"version-history":[{"count":1,"href":"https:\/\/todoapulmon-rafaela.com\/index.php\/wp-json\/wp\/v2\/posts\/7797\/revisions"}],"predecessor-version":[{"id":7799,"href":"https:\/\/todoapulmon-rafaela.com\/index.php\/wp-json\/wp\/v2\/posts\/7797\/revisions\/7799"}],"wp:featuredmedia":[{"embeddable":true,"href":"https:\/\/todoapulmon-rafaela.com\/index.php\/wp-json\/wp\/v2\/media\/6056"}],"wp:attachment":[{"href":"https:\/\/todoapulmon-rafaela.com\/index.php\/wp-json\/wp\/v2\/media?parent=7797"}],"wp:term":[{"taxonomy":"category","embeddable":true,"href":"https:\/\/todoapulmon-rafaela.com\/index.php\/wp-json\/wp\/v2\/categories?post=7797"},{"taxonomy":"post_tag","embeddable":true,"href":"https:\/\/todoapulmon-rafaela.com\/index.php\/wp-json\/wp\/v2\/tags?post=7797"}],"curies":[{"name":"wp","href":"https:\/\/api.w.org\/{rel}","templated":true}]}}