{"id":7705,"date":"2017-07-04T17:13:55","date_gmt":"2017-07-04T17:13:55","guid":{"rendered":"http:\/\/todoapulmon-rafaela.com\/?p=7705"},"modified":"2017-07-04T17:13:55","modified_gmt":"2017-07-04T17:13:55","slug":"fueron-presentados-los-21k-de-rafaela-5","status":"publish","type":"post","link":"https:\/\/todoapulmon-rafaela.com\/index.php\/2017\/07\/04\/fueron-presentados-los-21k-de-rafaela-5\/","title":{"rendered":"Fueron presentados los 21k de Rafaela"},"content":{"rendered":"<p>Este martes, en el marco de un desayuno saludable en Toribio, fue presentada la prueba atl\u00e9tica \u201cCiudad de Rafaela\u201d, Homenaje a Daniel \u201cTecla\u201d Far\u00edas, que se llevar\u00e1 a cabo el 24 de septiembre en su s\u00e9ptima edici\u00f3n. La misma, como es habitual, ser\u00e1 en el formato de media marat\u00f3n o 21k, en 10.000 metros, y en la recreativa de 5.000 metros.<\/p>\n<p>En los anuncios el Subsecretario de Deportes, Sebasti\u00e1n Ballina, expuso algunas novedades para esta realizaci\u00f3n. Se agregar\u00e1 un puesto de hidrataci\u00f3n en el kil\u00f3metro tres y ser\u00e1 delimitado en su totalidad el circuito de la distancia principal con una l\u00ednea pintada. Adem\u00e1s, el venidero domingo 9 de julio en 5.000 metros, y el 6 de agosto en 7.000 metros, se realizar\u00e1n dos pruebas recreativas en la zona de la ciclov\u00eda. Este domingo habr\u00e1 remeras para los 200 primeros participantes y sorteos.<\/p>\n<p>Las inscripciones, para el 24 de septiembre ya que para las recreativas previas no es necesario, pueden realizarse a trav\u00e9s del banner ubicado en la p\u00e1gina web oficial www.rafaela.gov.ar. El costo es de 350 pesos, tanto en 10 como 21k, con un cupo de 600 para la media marat\u00f3n y de 500 para los 10.000 metros.<\/p>\n<p>Ballina hizo un especial agradecimiento a los sponsors de la competencia, mientras que posteriormente el intendente Luis Castellano hizo hincapi\u00e9 en que \u201cla marat\u00f3n es un modelo de ciudad, de un modelo de como pensamos que debe desarrollarse la ciudad. No lo tenemos dimensionado, pero se ha multiplicado la gente que hace propia la idea de la vida sana. Empieza a darse una sinergia y un movimiento que sigue un modelo de ciudad\u201d.<\/p>\n<p>Tambi\u00e9n en la presentaci\u00f3n dirigi\u00f3 palabras elogiosas al evento el padrino de la marat\u00f3n, Horacio Kapell\u00f9.<\/p>\n","protected":false},"excerpt":{"rendered":"<p>Este martes, en el marco de un desayuno saludable en Toribio, fue presentada la prueba atl\u00e9tica \u201cCiudad de Rafaela\u201d, Homenaje<\/p>\n","protected":false},"author":2,"featured_media":7697,"comment_status":"open","ping_status":"open","sticky":false,"template":"","format":"standard","meta":{"footnotes":""},"categories":[7,24],"tags":[],"class_list":["post-7705","post","type-post","status-publish","format-standard","has-post-thumbnail","hentry","category-atletismo","category-noticias-destacadas"],"cc_featured_image_caption":{"caption_text":"En la larga mesa se ubicaron funcionarios, periodistas, representantes de instituciones colaboradoras y sponsors.","source_text":"","source_url":""},"_links":{"self":[{"href":"https:\/\/todoapulmon-rafaela.com\/index.php\/wp-json\/wp\/v2\/posts\/7705"}],"collection":[{"href":"https:\/\/todoapulmon-rafaela.com\/index.php\/wp-json\/wp\/v2\/posts"}],"about":[{"href":"https:\/\/todoapulmon-rafaela.com\/index.php\/wp-json\/wp\/v2\/types\/post"}],"author":[{"embeddable":true,"href":"https:\/\/todoapulmon-rafaela.com\/index.php\/wp-json\/wp\/v2\/users\/2"}],"replies":[{"embeddable":true,"href":"https:\/\/todoapulmon-rafaela.com\/index.php\/wp-json\/wp\/v2\/comments?post=7705"}],"version-history":[{"count":1,"href":"https:\/\/todoapulmon-rafaela.com\/index.php\/wp-json\/wp\/v2\/posts\/7705\/revisions"}],"predecessor-version":[{"id":7706,"href":"https:\/\/todoapulmon-rafaela.com\/index.php\/wp-json\/wp\/v2\/posts\/7705\/revisions\/7706"}],"wp:featuredmedia":[{"embeddable":true,"href":"https:\/\/todoapulmon-rafaela.com\/index.php\/wp-json\/wp\/v2\/media\/7697"}],"wp:attachment":[{"href":"https:\/\/todoapulmon-rafaela.com\/index.php\/wp-json\/wp\/v2\/media?parent=7705"}],"wp:term":[{"taxonomy":"category","embeddable":true,"href":"https:\/\/todoapulmon-rafaela.com\/index.php\/wp-json\/wp\/v2\/categories?post=7705"},{"taxonomy":"post_tag","embeddable":true,"href":"https:\/\/todoapulmon-rafaela.com\/index.php\/wp-json\/wp\/v2\/tags?post=7705"}],"curies":[{"name":"wp","href":"https:\/\/api.w.org\/{rel}","templated":true}]}}