{"id":7692,"date":"2017-07-04T02:59:15","date_gmt":"2017-07-04T02:59:15","guid":{"rendered":"http:\/\/todoapulmon-rafaela.com\/?p=7692"},"modified":"2017-07-04T02:59:15","modified_gmt":"2017-07-04T02:59:15","slug":"varias-presencias-rafaelinas-en-santa-fe-corre-2","status":"publish","type":"post","link":"https:\/\/todoapulmon-rafaela.com\/index.php\/2017\/07\/04\/varias-presencias-rafaelinas-en-santa-fe-corre-2\/","title":{"rendered":"Varias presencias rafaelinas en Santa Fe Corre"},"content":{"rendered":"<p>M\u00e1s de 2 mil personas de diferentes puntos de la provincia y territorios vecinos participaron este domingo de la quinta edici\u00f3n de Santa Fe Corre, en la capital provincial. La carrera comenz\u00f3 a las 9 desde el Casino en el Puerto\u00a0local y recorri\u00f3 distintos puntos tur\u00edsticos de la ciudad de Santa Fe.<\/p>\n<p>Tuvo modalidades de 21k, 10k y 3k. Luis Arias y Marisol Spahn fueron los ganadores en la prueba m\u00e1xima de 21k.\u00a0En varones, el podio de los 21 kil\u00f3metros estuvo integrado por Luis Arias con 1:14:05; Juan Carlos Luqui con 1:14:54; Elias Uner con 1:17:00. En esta distancia se destacaron los rafaelinos Ignacio Chianalino, que fue 15\u00ba (4\u00ba en su categor\u00eda de 35 a 39 a\u00f1os) con 1h25m05s; y Domingo Ponce, 19\u00ba en la general (3\u00ba en su categor\u00eda de 45 a 49) con un registro de 1h25m47s. Alejandro Gianelli, en tanto, fue 32\u00ba en la general y 10\u00ba en su categor\u00eda con 1h28m41s.<\/p>\n<p>Por otra parte, Luis Cruz fue segundo en la categor\u00eda de 55 a 59 a\u00f1os con 1h39m30s y Cristina G\u00f3mez D\u00edaz tambi\u00e9n segunda en 50 a 54 con 1h44m32s.<\/p>\n<p>En los 10 kil\u00f3metros, en tanto, se impuso Carlos Johnson con 37:54&#8242;; Gustavo Oliva fue segundo con 37:55&#8242;; y \u00c1lvaro Nocetti tercero con 40&#8217;07\u00bb. De nuestra ciudad, Ariel Gavegno qued\u00f3 24\u00ba en la general con 46m40.<\/p>\n<p>En mujeres, el podio de los 21 kil\u00f3metros estuvo integrado por Marisol Spahn con 1:36:18; Luisina Gim\u00e9nez con 1:37:43; y Mariela Rodriguez con 1:37:46. La rafaelina Pamela Vietti qued\u00f3 octava y tercera en la categor\u00eda de 25 a 29 a\u00f1os, con 1h43m36s.<\/p>\n<p>El de los 10 kil\u00f3metros, en tanto, por Pamela Magui\u00f1a con 47:02; Paola Mart\u00ednez con 48:28; y Lucia Curaba con 48:46. La rafaelina Mariana Borlle fue cuarta con 49m26 y gan\u00f3 su categor\u00eda, de 40 a 49 a\u00f1os.<\/p>\n","protected":false},"excerpt":{"rendered":"<p>M\u00e1s de 2 mil personas de diferentes puntos de la provincia y territorios vecinos participaron este domingo de la quinta<\/p>\n","protected":false},"author":2,"featured_media":7688,"comment_status":"open","ping_status":"open","sticky":false,"template":"","format":"standard","meta":{"footnotes":""},"categories":[7],"tags":[],"class_list":["post-7692","post","type-post","status-publish","format-standard","has-post-thumbnail","hentry","category-atletismo"],"cc_featured_image_caption":{"caption_text":"Ignacio Chianalino, Mariana Borlle y Domingo Ponce, entre los m\u00e1s destacados.","source_text":"","source_url":""},"_links":{"self":[{"href":"https:\/\/todoapulmon-rafaela.com\/index.php\/wp-json\/wp\/v2\/posts\/7692"}],"collection":[{"href":"https:\/\/todoapulmon-rafaela.com\/index.php\/wp-json\/wp\/v2\/posts"}],"about":[{"href":"https:\/\/todoapulmon-rafaela.com\/index.php\/wp-json\/wp\/v2\/types\/post"}],"author":[{"embeddable":true,"href":"https:\/\/todoapulmon-rafaela.com\/index.php\/wp-json\/wp\/v2\/users\/2"}],"replies":[{"embeddable":true,"href":"https:\/\/todoapulmon-rafaela.com\/index.php\/wp-json\/wp\/v2\/comments?post=7692"}],"version-history":[{"count":1,"href":"https:\/\/todoapulmon-rafaela.com\/index.php\/wp-json\/wp\/v2\/posts\/7692\/revisions"}],"predecessor-version":[{"id":7693,"href":"https:\/\/todoapulmon-rafaela.com\/index.php\/wp-json\/wp\/v2\/posts\/7692\/revisions\/7693"}],"wp:featuredmedia":[{"embeddable":true,"href":"https:\/\/todoapulmon-rafaela.com\/index.php\/wp-json\/wp\/v2\/media\/7688"}],"wp:attachment":[{"href":"https:\/\/todoapulmon-rafaela.com\/index.php\/wp-json\/wp\/v2\/media?parent=7692"}],"wp:term":[{"taxonomy":"category","embeddable":true,"href":"https:\/\/todoapulmon-rafaela.com\/index.php\/wp-json\/wp\/v2\/categories?post=7692"},{"taxonomy":"post_tag","embeddable":true,"href":"https:\/\/todoapulmon-rafaela.com\/index.php\/wp-json\/wp\/v2\/tags?post=7692"}],"curies":[{"name":"wp","href":"https:\/\/api.w.org\/{rel}","templated":true}]}}