{"id":7684,"date":"2017-07-03T19:45:14","date_gmt":"2017-07-03T19:45:14","guid":{"rendered":"http:\/\/todoapulmon-rafaela.com\/?p=7684"},"modified":"2017-07-03T19:45:14","modified_gmt":"2017-07-03T19:45:14","slug":"roberto-acuna-en-la-lista-para-la-americup","status":"publish","type":"post","link":"https:\/\/todoapulmon-rafaela.com\/index.php\/2017\/07\/03\/roberto-acuna-en-la-lista-para-la-americup\/","title":{"rendered":"Roberto Acu\u00f1a en la lista para la AmeriCup"},"content":{"rendered":"<p>Se acerca la AmeriCup y la Selecci\u00f3n Argentina afina los detalles de su preparaci\u00f3n. El equipo de Sergio Hern\u00e1ndez, con un total de 18 jugadores citados (m\u00e1s dos invitados), se concentrar\u00e1 el domingo 30 de julio en el Hotel Boca y comenzar\u00e1 con los trabajos en CeNARD, un d\u00eda m\u00e1s tarde. En la n\u00f3mina fueron incluidos el p\u00edvot rafaelino Roberto Acu\u00f1a, que viene de jugar su segunda temporada en Pe\u00f1arol de Mar del Plata, y el base cordob\u00e9s Jos\u00e9 Vildoza, de Libertad de Sunchales.<\/p>\n<p>Respecto de los amistosos previos lo confirmado es que la Selecci\u00f3n se enfrentar\u00e1 con Uruguay en dos juegos (s\u00e1bado 12 y domingo 13) y que luego disputar\u00e1 un torneo preparatorio en Salta el 18, 19 y 20 de agosto, con Colombia, Uruguay y Brasil. Desde all\u00ed la delegaci\u00f3n se trasladar\u00e1 a Bah\u00eda Blanca, ya para instalarse, de cara a su debut en el torneo continental.<\/p>\n<p>Vale recordar que Argentina debutar\u00e1 el 27 ante Venezuela y que luego chocar\u00e1 en jornadas sucesivas con Canad\u00e1 e Islas V\u00edrgenes. Sea cual sea su posici\u00f3n final en el Grupo B, el equipo acceder\u00e1 de todas maneras al cuadrangular decisivo, que se resolver\u00e1 en C\u00f3rdoba el s\u00e1bado 2 y domingo 3 de septiembre. Esta ser\u00e1 la primera edici\u00f3n de la AmeriCup, certamen que otorgar\u00e1 cinco plazas para los Juegos Panamericanos de 2019. \u00bfCu\u00e1ndo se pondr\u00e1n en venta las entradas? A finales de la semana pr\u00f3xima.<\/p>\n<p>\u201cEste torneo es una oportunidad ideal para seguir promocionando a una camada joven, que viene luchando por su espacio desde los Juegos Panamericanos de Toronto 2015. La expectativa es alta, tenemos dos objetivos claros: ganar la AmeriCup y poder continuar con la proyecci\u00f3n internacional de jugadores en crecimiento, comandados por la experiencia y la jerarqu\u00eda del capit\u00e1n Luis Scola. Tambi\u00e9n ser\u00e1 una buena chance para observar a otros chicos que no estuvieron en procesos anteriores\u201d, asegur\u00f3 el entrenador Sergio Hern\u00e1ndez. Y concluy\u00f3, luego: \u201cJugar en Argentina nos genera una ilusi\u00f3n a\u00fan mayor, ya que no son tantas las oportunidades de poseer local\u00eda en torneos oficiales. Haremos todo para estar a la altura del desaf\u00edo\u201d.<\/p>\n<p><strong>LISTA DE CONVOCADOS:<\/strong><\/p>\n<p><em>BASES<\/em><\/p>\n<p>Facundo Campazzo<\/p>\n<p>Nicol\u00e1s Laprovittola<\/p>\n<p>Luca Vildoza<\/p>\n<p>Jos\u00e9 Vildoza<\/p>\n<p><em>ESCOLTAS<\/em><\/p>\n<p>Nicol\u00e1s Brussino<\/p>\n<p>Lucio Redivo<\/p>\n<p>M\u00e1ximo Fjellerup<\/p>\n<p>Eric Flor<\/p>\n<p><em>ALEROS<\/em><\/p>\n<p>Patricio Garino<\/p>\n<p>Gabriel Deck<\/p>\n<p>Juan Pablo Vaulet<\/p>\n<p>Erik Thomas<\/p>\n<p><em>ALA PIVOTES<\/em><\/p>\n<p>Javier Saiz<\/p>\n<p>Luis Scola<\/p>\n<p><em>PIVOTES<\/em><\/p>\n<p>Marcos Nicol\u00e1s Del\u00eda<\/p>\n<p>Roberto Acu\u00f1a<\/p>\n<p>Tayavek Gallizzi<\/p>\n<p><em>Invitados:<\/em><\/p>\n<p>Francisco Caffaro<\/p>\n<p>Daniel Amigo<\/p>\n<p><em>Entrenador<\/em>: Sergio Hern\u00e1ndez<\/p>\n<p><em>Asistentes:<\/em>\u00a0Silvio Santander, Diego Lifschitz y Maxi Seigorman<\/p>\n<p><em>Colaboradores<\/em>: Juan Gatti y Daniel Farabello.<\/p>\n","protected":false},"excerpt":{"rendered":"<p>Se acerca la AmeriCup y la Selecci\u00f3n Argentina afina los detalles de su preparaci\u00f3n. El equipo de Sergio Hern\u00e1ndez, con<\/p>\n","protected":false},"author":2,"featured_media":7682,"comment_status":"open","ping_status":"open","sticky":false,"template":"","format":"standard","meta":{"footnotes":""},"categories":[5,24],"tags":[],"class_list":["post-7684","post","type-post","status-publish","format-standard","has-post-thumbnail","hentry","category-basquet","category-noticias-destacadas"],"cc_featured_image_caption":{"caption_text":"El Toro Acu\u00f1a empezar\u00e1 a entrenar a fin mes con el equipo argentino.","source_text":"","source_url":""},"_links":{"self":[{"href":"https:\/\/todoapulmon-rafaela.com\/index.php\/wp-json\/wp\/v2\/posts\/7684"}],"collection":[{"href":"https:\/\/todoapulmon-rafaela.com\/index.php\/wp-json\/wp\/v2\/posts"}],"about":[{"href":"https:\/\/todoapulmon-rafaela.com\/index.php\/wp-json\/wp\/v2\/types\/post"}],"author":[{"embeddable":true,"href":"https:\/\/todoapulmon-rafaela.com\/index.php\/wp-json\/wp\/v2\/users\/2"}],"replies":[{"embeddable":true,"href":"https:\/\/todoapulmon-rafaela.com\/index.php\/wp-json\/wp\/v2\/comments?post=7684"}],"version-history":[{"count":1,"href":"https:\/\/todoapulmon-rafaela.com\/index.php\/wp-json\/wp\/v2\/posts\/7684\/revisions"}],"predecessor-version":[{"id":7685,"href":"https:\/\/todoapulmon-rafaela.com\/index.php\/wp-json\/wp\/v2\/posts\/7684\/revisions\/7685"}],"wp:featuredmedia":[{"embeddable":true,"href":"https:\/\/todoapulmon-rafaela.com\/index.php\/wp-json\/wp\/v2\/media\/7682"}],"wp:attachment":[{"href":"https:\/\/todoapulmon-rafaela.com\/index.php\/wp-json\/wp\/v2\/media?parent=7684"}],"wp:term":[{"taxonomy":"category","embeddable":true,"href":"https:\/\/todoapulmon-rafaela.com\/index.php\/wp-json\/wp\/v2\/categories?post=7684"},{"taxonomy":"post_tag","embeddable":true,"href":"https:\/\/todoapulmon-rafaela.com\/index.php\/wp-json\/wp\/v2\/tags?post=7684"}],"curies":[{"name":"wp","href":"https:\/\/api.w.org\/{rel}","templated":true}]}}