{"id":7542,"date":"2017-06-30T00:31:01","date_gmt":"2017-06-30T00:31:01","guid":{"rendered":"http:\/\/todoapulmon-rafaela.com\/?p=7542"},"modified":"2017-06-30T00:31:01","modified_gmt":"2017-06-30T00:31:01","slug":"se-cerro-la-primera-jornada-en-santa-fe-2","status":"publish","type":"post","link":"https:\/\/todoapulmon-rafaela.com\/index.php\/2017\/06\/30\/se-cerro-la-primera-jornada-en-santa-fe-2\/","title":{"rendered":"Se cerr\u00f3 la primera jornada en Santa Fe"},"content":{"rendered":"<p>En la tarde del jueves continu\u00f3 disput\u00e1ndose el Regional NEA Sub 14 de damas, organizado por la Asociaci\u00f3n Santafesina de Hockey, y fiscalizado por la Confederaci\u00f3n Argentina.<\/p>\n<p>El equipo B de la Federaci\u00f3n del Oeste, que en la ma\u00f1ana hab\u00eda perdido 19 a 1 con Misiones, afront\u00f3 su segundo encuentro con ca\u00edda ante la Chaque\u00f1a B por 5 a 0 y ahora aguarda el cruce del s\u00e1bado para definir posiciones. Por su parte, el equipo A se present\u00f3 en un buen encuentro donde perdi\u00f3 3 a 0 ante Entrerriana B. Este viernes, a las 10, jugar\u00e1 con el representativo local de la ASH, que cuenta en sus filas con la jugadora de CRAR, Catalina Schiavi.<\/p>\n<p>El plantel A de la FOH tuvo a las siguientes jugadoras:<\/p>\n<table border=\"0\" width=\"100%\" cellspacing=\"1\" cellpadding=\"3\">\n<tbody>\n<tr>\n<td valign=\"top\">\n<table class=\"blanco\" border=\"0\">\n<tbody>\n<tr class=\"detalle_color_2\">\n<td width=\"300px\">1 &#8211; ZORRILLA, MILENA ABIGAIL<\/td>\n<\/tr>\n<tr class=\"detalle_color_1\">\n<td width=\"300px\">2 &#8211; SPOSITO, AMIRA LIZ<\/td>\n<\/tr>\n<tr class=\"detalle_color_2\">\n<td width=\"300px\">3 &#8211; RODRIGUEZ, CAMILA GUADALUPE<\/td>\n<\/tr>\n<tr class=\"detalle_color_1\">\n<td width=\"300px\">4 &#8211; RUATTA, JULIETA ABIGAIL<\/td>\n<\/tr>\n<tr class=\"detalle_color_2\">\n<td width=\"300px\">5 &#8211; BOLEA MALDONADO, SOFIA (Cap)<\/td>\n<\/tr>\n<tr class=\"detalle_color_1\">\n<td width=\"300px\">6 &#8211; CORVALAN, FLORENCIA MILAGROS<\/td>\n<\/tr>\n<tr class=\"detalle_color_2\">\n<td width=\"300px\">7 &#8211; SENTIS, SOFIA MARIANELA<\/td>\n<\/tr>\n<tr class=\"detalle_color_1\">\n<td width=\"300px\">8 &#8211; FERNANDEZ, LEONELA ABIGAIL<\/td>\n<\/tr>\n<tr class=\"detalle_color_2\">\n<td width=\"300px\">9 &#8211; FAUDONE, ROSARIO<\/td>\n<\/tr>\n<tr class=\"detalle_color_1\">\n<td width=\"300px\">10 &#8211; MONETTI, VALENTINA<\/td>\n<\/tr>\n<tr class=\"detalle_color_2\">\n<td width=\"300px\">11 &#8211; BAZAN, JAZMIN ABIGAIL<\/td>\n<\/tr>\n<tr class=\"detalle_color_1\">\n<td width=\"300px\">12 &#8211; BRIZZIO, COLOMBA PATRICIA<\/td>\n<\/tr>\n<tr class=\"detalle_color_2\">\n<td width=\"300px\">13 &#8211; GORGERINO, INES<\/td>\n<\/tr>\n<tr class=\"detalle_color_1\">\n<td width=\"300px\">14 &#8211; ZANABRIA, MAITENA<\/td>\n<\/tr>\n<tr class=\"detalle_color_2\">\n<td width=\"300px\">15 &#8211; VALDEZ, SOLANA BELEN<\/td>\n<\/tr>\n<tr class=\"detalle_color_1\">\n<td width=\"300px\">16 &#8211; BENITO, CAMILA<\/td>\n<\/tr>\n<tr class=\"detalle_color_2\">\n<td width=\"300px\">17 &#8211; MANZANEL, MAIRA SOLEDAD<\/td>\n<\/tr>\n<tr class=\"detalle_color_1\">\n<td width=\"300px\">18 &#8211; CABRAL, ALMA MARIA<\/td>\n<\/tr>\n<tr class=\"detalle_color_2\">\n<td width=\"300px\">19 &#8211; REBOLA BERTOLA, ANTONELLA<\/td>\n<\/tr>\n<tr class=\"detalle_color_1\">\n<td width=\"300px\">71 &#8211; BASTIDA, ANGELES SOFIA<\/td>\n<\/tr>\n<\/tbody>\n<\/table>\n<\/td>\n<\/tr>\n<\/tbody>\n<\/table>\n","protected":false},"excerpt":{"rendered":"<p>En la tarde del jueves continu\u00f3 disput\u00e1ndose el Regional NEA Sub 14 de damas, organizado por la Asociaci\u00f3n Santafesina de<\/p>\n","protected":false},"author":2,"featured_media":7536,"comment_status":"open","ping_status":"open","sticky":false,"template":"","format":"standard","meta":{"footnotes":""},"categories":[3,24],"tags":[],"class_list":["post-7542","post","type-post","status-publish","format-standard","has-post-thumbnail","hentry","category-hockey","category-noticias-destacadas"],"cc_featured_image_caption":{"caption_text":"El equipo A de la FOH en Santa Fe (foto prensa Federaci\u00f3n del Oeste).","source_text":"","source_url":""},"_links":{"self":[{"href":"https:\/\/todoapulmon-rafaela.com\/index.php\/wp-json\/wp\/v2\/posts\/7542"}],"collection":[{"href":"https:\/\/todoapulmon-rafaela.com\/index.php\/wp-json\/wp\/v2\/posts"}],"about":[{"href":"https:\/\/todoapulmon-rafaela.com\/index.php\/wp-json\/wp\/v2\/types\/post"}],"author":[{"embeddable":true,"href":"https:\/\/todoapulmon-rafaela.com\/index.php\/wp-json\/wp\/v2\/users\/2"}],"replies":[{"embeddable":true,"href":"https:\/\/todoapulmon-rafaela.com\/index.php\/wp-json\/wp\/v2\/comments?post=7542"}],"version-history":[{"count":1,"href":"https:\/\/todoapulmon-rafaela.com\/index.php\/wp-json\/wp\/v2\/posts\/7542\/revisions"}],"predecessor-version":[{"id":7543,"href":"https:\/\/todoapulmon-rafaela.com\/index.php\/wp-json\/wp\/v2\/posts\/7542\/revisions\/7543"}],"wp:featuredmedia":[{"embeddable":true,"href":"https:\/\/todoapulmon-rafaela.com\/index.php\/wp-json\/wp\/v2\/media\/7536"}],"wp:attachment":[{"href":"https:\/\/todoapulmon-rafaela.com\/index.php\/wp-json\/wp\/v2\/media?parent=7542"}],"wp:term":[{"taxonomy":"category","embeddable":true,"href":"https:\/\/todoapulmon-rafaela.com\/index.php\/wp-json\/wp\/v2\/categories?post=7542"},{"taxonomy":"post_tag","embeddable":true,"href":"https:\/\/todoapulmon-rafaela.com\/index.php\/wp-json\/wp\/v2\/tags?post=7542"}],"curies":[{"name":"wp","href":"https:\/\/api.w.org\/{rel}","templated":true}]}}