{"id":7528,"date":"2017-06-28T23:04:00","date_gmt":"2017-06-28T23:04:00","guid":{"rendered":"http:\/\/todoapulmon-rafaela.com\/?p=7528"},"modified":"2017-06-28T23:04:00","modified_gmt":"2017-06-28T23:04:00","slug":"romitelli-compite-otra-vez-en-ecuador","status":"publish","type":"post","link":"https:\/\/todoapulmon-rafaela.com\/index.php\/2017\/06\/28\/romitelli-compite-otra-vez-en-ecuador\/","title":{"rendered":"Romitelli compite otra vez en Ecuador"},"content":{"rendered":"<p>El tirador rafaelino Germ\u00e1n Romitelli viaja en las pr\u00f3ximas horas a Ecuador, donde estar\u00e1 tomando parte en los pr\u00f3ximos d\u00edas de un torneo internacional de tiro pr\u00e1ctico en Guayaquil, similar al que disputara en febrero pasado en el Club Guayas de Tiro de esa ciudad.<\/p>\n<p>El principal objetivo para el representante del Tiro Federal de nuestra ciudad ser\u00e1 tener la puesta a punto a 8 semanas del Mundial, con la referencia de Eric Grauffel, ya que el multicampe\u00f3n franc\u00e9s estar\u00e1 nuevamente tomando parte del certamen.<\/p>\n<p>En aquella oportunidad Romitelli escolt\u00f3 a Grauffel en sus primeras competencias del a\u00f1o y en este momento, ya con la cita mundialista en Francia cada vez m\u00e1s cercana, espera haber incrementado el ritmo competitivo para llegar de la mejor manera posible.<\/p>\n","protected":false},"excerpt":{"rendered":"<p>El tirador rafaelino Germ\u00e1n Romitelli viaja en las pr\u00f3ximas horas a Ecuador, donde estar\u00e1 tomando parte en los pr\u00f3ximos d\u00edas<\/p>\n","protected":false},"author":2,"featured_media":7526,"comment_status":"open","ping_status":"open","sticky":false,"template":"","format":"standard","meta":{"footnotes":""},"categories":[24,19],"tags":[],"class_list":["post-7528","post","type-post","status-publish","format-standard","has-post-thumbnail","hentry","category-noticias-destacadas","category-tiro"],"cc_featured_image_caption":{"caption_text":"Germ\u00e1n Romitelli regresa a Ecuador en su puesta a punto para el Mundial.","source_text":"","source_url":""},"_links":{"self":[{"href":"https:\/\/todoapulmon-rafaela.com\/index.php\/wp-json\/wp\/v2\/posts\/7528"}],"collection":[{"href":"https:\/\/todoapulmon-rafaela.com\/index.php\/wp-json\/wp\/v2\/posts"}],"about":[{"href":"https:\/\/todoapulmon-rafaela.com\/index.php\/wp-json\/wp\/v2\/types\/post"}],"author":[{"embeddable":true,"href":"https:\/\/todoapulmon-rafaela.com\/index.php\/wp-json\/wp\/v2\/users\/2"}],"replies":[{"embeddable":true,"href":"https:\/\/todoapulmon-rafaela.com\/index.php\/wp-json\/wp\/v2\/comments?post=7528"}],"version-history":[{"count":1,"href":"https:\/\/todoapulmon-rafaela.com\/index.php\/wp-json\/wp\/v2\/posts\/7528\/revisions"}],"predecessor-version":[{"id":7529,"href":"https:\/\/todoapulmon-rafaela.com\/index.php\/wp-json\/wp\/v2\/posts\/7528\/revisions\/7529"}],"wp:featuredmedia":[{"embeddable":true,"href":"https:\/\/todoapulmon-rafaela.com\/index.php\/wp-json\/wp\/v2\/media\/7526"}],"wp:attachment":[{"href":"https:\/\/todoapulmon-rafaela.com\/index.php\/wp-json\/wp\/v2\/media?parent=7528"}],"wp:term":[{"taxonomy":"category","embeddable":true,"href":"https:\/\/todoapulmon-rafaela.com\/index.php\/wp-json\/wp\/v2\/categories?post=7528"},{"taxonomy":"post_tag","embeddable":true,"href":"https:\/\/todoapulmon-rafaela.com\/index.php\/wp-json\/wp\/v2\/tags?post=7528"}],"curies":[{"name":"wp","href":"https:\/\/api.w.org\/{rel}","templated":true}]}}