{"id":7453,"date":"2017-06-26T12:35:00","date_gmt":"2017-06-26T12:35:00","guid":{"rendered":"http:\/\/todoapulmon-rafaela.com\/?p=7453"},"modified":"2017-06-26T12:35:21","modified_gmt":"2017-06-26T12:35:21","slug":"se-jugo-el-grand-prix-su-23-en-9-de-julio","status":"publish","type":"post","link":"https:\/\/todoapulmon-rafaela.com\/index.php\/2017\/06\/26\/se-jugo-el-grand-prix-su-23-en-9-de-julio\/","title":{"rendered":"Se jug\u00f3 el Grand Prix Sub 23 en 9 de Julio"},"content":{"rendered":"<p>El s\u00e1bado 24 de junio en el Club 9 de Julio de Rafaela se llev\u00f3 a cabo el tercer Grand Prix sub 23 masculino de la Interliga de Voley Rafaelina-Oeste. Del mismo participaron seis equipos: Uni\u00f3n de Sunchales, Atl\u00e9tico Pilar, Humboldt Voley, El Expreso de El Tr\u00e9bol, Juventud Unida de Ca\u00f1ada Rosqu\u00edn y 9 de Julio de Rafaela.<\/p>\n<p>RESUL<span class=\"text_exposed_show\">TADOS<br \/>\nPilar vs Ca\u00f1ada 2 a 0 (25\/22 y 25\/22), Pilar vs Uni\u00f3n 2 a 0 (25\/13 y 25\/14), Pilar vs El Expreso (25\/16 y 25\/20), Pilar vs 9 de Julio 2 a 0 (25\/9 y 25\/16), Pilar vs Humboldt (25\/12 y 25\/18).<br \/>\nCa\u00f1ada vs Uni\u00f3n 2 a 0 (25\/21 y 25\/12), Ca\u00f1ada vs El Expreso 2 a 1 (22\/25, 25\/21 y 15\/10), Ca\u00f1ada vs 9 de Julio 2 a 0 (25\/12 y 30\/28), Ca\u00f1ada vs Humboldt 2 a 0 (25\/15 y 25\/20).<br \/>\nUni\u00f3n vs El Expreso 2 a 1 (25\/20, 13\/25 y 16\/14), Uni\u00f3n vs 9 de Julio 2 a 1 (26\/28, 25\/23 y 15\/12), Uni\u00f3n vs Humboldt 1 a 2 (17\/25, 27\/25 y 11\/15).<br \/>\n9 de Julio vs H\u00famboldt 2 a 1 (21\/25, 25\/22 y 15\/8).<br \/>\n<\/span><\/p>\n<p><span class=\"text_exposed_show\">POSICIONES DEL GRAND PRIX<br \/>\n1) Atl\u00e9tico Pilar<br \/>\n2) Juventud de Ca\u00f1ada Rosqu\u00edn<br \/>\n3) Uni\u00f3n<br \/>\n4) El Expreso<br \/>\n5) 9 de Julio<br \/>\n6) \u00a0Humboldt<\/span><\/p>\n<p><span class=\"text_exposed_show\">La tabla general de posiciones es encabezada por Atl\u00e9tico Pilar con 60 puntos, seguido por Juventud de Ca\u00f1ada Rosqu\u00edn con 54.<br \/>\nLos \u00e1rbitros del torneo fueron Sof\u00eda Quintana, Mario Schuster y Fernando Cardozo. El pr\u00f3ximo\u00a0Grand Prix de la categor\u00eda es el s\u00e1bado 5 de agosto en el Club El Expreso de El Tr\u00e9bol.<\/span><\/p>\n<p>(Fuente Asociaci\u00f3n Rafaelina de Voley).<\/p>\n","protected":false},"excerpt":{"rendered":"<p>El s\u00e1bado 24 de junio en el Club 9 de Julio de Rafaela se llev\u00f3 a cabo el tercer Grand<\/p>\n","protected":false},"author":2,"featured_media":7454,"comment_status":"open","ping_status":"open","sticky":false,"template":"","format":"standard","meta":{"footnotes":""},"categories":[16],"tags":[],"class_list":["post-7453","post","type-post","status-publish","format-standard","has-post-thumbnail","hentry","category-voley"],"cc_featured_image_caption":{"caption_text":"El equipo Sub 23 de 9 de Julio en el Grand Prix (foto ARV).","source_text":"","source_url":""},"_links":{"self":[{"href":"https:\/\/todoapulmon-rafaela.com\/index.php\/wp-json\/wp\/v2\/posts\/7453"}],"collection":[{"href":"https:\/\/todoapulmon-rafaela.com\/index.php\/wp-json\/wp\/v2\/posts"}],"about":[{"href":"https:\/\/todoapulmon-rafaela.com\/index.php\/wp-json\/wp\/v2\/types\/post"}],"author":[{"embeddable":true,"href":"https:\/\/todoapulmon-rafaela.com\/index.php\/wp-json\/wp\/v2\/users\/2"}],"replies":[{"embeddable":true,"href":"https:\/\/todoapulmon-rafaela.com\/index.php\/wp-json\/wp\/v2\/comments?post=7453"}],"version-history":[{"count":2,"href":"https:\/\/todoapulmon-rafaela.com\/index.php\/wp-json\/wp\/v2\/posts\/7453\/revisions"}],"predecessor-version":[{"id":7456,"href":"https:\/\/todoapulmon-rafaela.com\/index.php\/wp-json\/wp\/v2\/posts\/7453\/revisions\/7456"}],"wp:featuredmedia":[{"embeddable":true,"href":"https:\/\/todoapulmon-rafaela.com\/index.php\/wp-json\/wp\/v2\/media\/7454"}],"wp:attachment":[{"href":"https:\/\/todoapulmon-rafaela.com\/index.php\/wp-json\/wp\/v2\/media?parent=7453"}],"wp:term":[{"taxonomy":"category","embeddable":true,"href":"https:\/\/todoapulmon-rafaela.com\/index.php\/wp-json\/wp\/v2\/categories?post=7453"},{"taxonomy":"post_tag","embeddable":true,"href":"https:\/\/todoapulmon-rafaela.com\/index.php\/wp-json\/wp\/v2\/tags?post=7453"}],"curies":[{"name":"wp","href":"https:\/\/api.w.org\/{rel}","templated":true}]}}