{"id":7360,"date":"2017-06-23T02:31:03","date_gmt":"2017-06-23T02:31:03","guid":{"rendered":"http:\/\/todoapulmon-rafaela.com\/?p=7360"},"modified":"2017-06-23T02:31:03","modified_gmt":"2017-06-23T02:31:03","slug":"subcampeonato-para-sabena-con-la-albertina","status":"publish","type":"post","link":"https:\/\/todoapulmon-rafaela.com\/index.php\/2017\/06\/23\/subcampeonato-para-sabena-con-la-albertina\/","title":{"rendered":"Subcampeonato para Sabena con La Albertina"},"content":{"rendered":"<p>El Abierto por la Copa Mario de Lorenzi fue la atracci\u00f3n del pasado fin de semana en materia de polo en nuestra provincia, convocando a jugadores de todo el pa\u00eds. En el certamen organizado por el Club de Polo Las Rosas, tras cuatro jornadas de actividad, el trofeo qued\u00f3 para el representativo del Jockey Club de Rosario, que super\u00f3 por diferencia de un gol a La Albertina Reina M\u00e1xima, totalizando ambos conjuntos dos triunfos y un empate.<\/p>\n<p>En el segundo equipo se desempe\u00f1\u00f3 el rafaelino Marcial Sabena, teniendo como compa\u00f1ero a Alfredo Capella, jugador del Abierto Argentino que fue elegido MVP del certamen. La Albertina Reina M\u00e1xima es un equipo de Buenos Aires, asociado a un jeque \u00e1rabe. El tercer puesto fue para Las Rosas Escorihuela Gasc\u00f3n y cuarto Las Rosas Los Laureles.<\/p>\n<p>EQUIPOS FINALISTAS DEL ABIERTO<\/p>\n<p><u><\/u><strong>J. C. Rosario: <\/strong>Juan P. Moreno 1, Gonzalo Godoy 2, Hugo Iturraspe 4 y Mariano Raigal 4. Total: 11.<\/p>\n<p><strong>La Albertina \u2013 Reina M\u00e1xima: <\/strong>Marcial Sabena 0, Carlos Luque 0, Alfredo Cappella Barabucci 8 y Nicanor Esa\u00edn 2. Total: 10.<\/p>\n<p><strong>Las Rosas \u2013 Escorihuela Gasc\u00f3n: <\/strong>Santiago Harter 0, Emilio Cardini 2, Franco Gai (h) 6 y Esteban de Lorenzi (h) 3. Total: 11.<\/p>\n<p><strong>Las Rosas \u2013 Los Laureles: <\/strong>Fabricio Vignatti 1, Hern\u00e1n Southam 2, Ram\u00f3n Izaguirre 4 y Federico Southam 2. Total: 9.<\/p>\n<p>&nbsp;<\/p>\n<p>&nbsp;<\/p>\n<p>&nbsp;<\/p>\n","protected":false},"excerpt":{"rendered":"<p>El Abierto por la Copa Mario de Lorenzi fue la atracci\u00f3n del pasado fin de semana en materia de polo<\/p>\n","protected":false},"author":2,"featured_media":7361,"comment_status":"open","ping_status":"open","sticky":false,"template":"","format":"standard","meta":{"footnotes":""},"categories":[1],"tags":[],"class_list":["post-7360","post","type-post","status-publish","format-standard","has-post-thumbnail","hentry","category-sin-categoria"],"cc_featured_image_caption":{"caption_text":"El polista rafaelino integra el equipo bonaerense.","source_text":"","source_url":""},"_links":{"self":[{"href":"https:\/\/todoapulmon-rafaela.com\/index.php\/wp-json\/wp\/v2\/posts\/7360"}],"collection":[{"href":"https:\/\/todoapulmon-rafaela.com\/index.php\/wp-json\/wp\/v2\/posts"}],"about":[{"href":"https:\/\/todoapulmon-rafaela.com\/index.php\/wp-json\/wp\/v2\/types\/post"}],"author":[{"embeddable":true,"href":"https:\/\/todoapulmon-rafaela.com\/index.php\/wp-json\/wp\/v2\/users\/2"}],"replies":[{"embeddable":true,"href":"https:\/\/todoapulmon-rafaela.com\/index.php\/wp-json\/wp\/v2\/comments?post=7360"}],"version-history":[{"count":1,"href":"https:\/\/todoapulmon-rafaela.com\/index.php\/wp-json\/wp\/v2\/posts\/7360\/revisions"}],"predecessor-version":[{"id":7362,"href":"https:\/\/todoapulmon-rafaela.com\/index.php\/wp-json\/wp\/v2\/posts\/7360\/revisions\/7362"}],"wp:featuredmedia":[{"embeddable":true,"href":"https:\/\/todoapulmon-rafaela.com\/index.php\/wp-json\/wp\/v2\/media\/7361"}],"wp:attachment":[{"href":"https:\/\/todoapulmon-rafaela.com\/index.php\/wp-json\/wp\/v2\/media?parent=7360"}],"wp:term":[{"taxonomy":"category","embeddable":true,"href":"https:\/\/todoapulmon-rafaela.com\/index.php\/wp-json\/wp\/v2\/categories?post=7360"},{"taxonomy":"post_tag","embeddable":true,"href":"https:\/\/todoapulmon-rafaela.com\/index.php\/wp-json\/wp\/v2\/tags?post=7360"}],"curies":[{"name":"wp","href":"https:\/\/api.w.org\/{rel}","templated":true}]}}