{"id":7347,"date":"2017-06-21T22:11:29","date_gmt":"2017-06-21T22:11:29","guid":{"rendered":"http:\/\/todoapulmon-rafaela.com\/?p=7347"},"modified":"2017-06-21T22:11:29","modified_gmt":"2017-06-21T22:11:29","slug":"fin-de-semana-con-interprovincial-de-patin","status":"publish","type":"post","link":"https:\/\/todoapulmon-rafaela.com\/index.php\/2017\/06\/21\/fin-de-semana-con-interprovincial-de-patin\/","title":{"rendered":"Fin de semana con Interprovincial de Pat\u00edn"},"content":{"rendered":"<p>Este s\u00e1bado 24 y domingo 25 de junio se realizar\u00e1 en el sal\u00f3n gimnasio del Centro de Educaci\u00f3n F\u00edsica N\u00ba 53 el Torneo Interprovincial de Pat\u00edn, para las categor\u00edas Libre, Escuela y Show.<br \/>\nHabr\u00e1 mas de 300 patinadores en pista en un evento organizado por la Asociaci\u00f3n Pat\u00edn Zona Centro y fiscalizado por el Centro Federal de Patin. Las pruebas de Show est\u00e1n programadas el d\u00eda s\u00e1bado, entre las 18 y 21 horas.<br \/>\nCabe mencionar que la APZC ya cuenta con catorce instituciones afiliadas, entre ellas tres de Rafaela: Almagro, Sportivo Norte y Roller Skate, siendo las restantes de Ceres, Villa Trinidad, Balnearia, San Antonio, Villa San Jos\u00e9, Mois\u00e9s Ville, entre otras.<br \/>\nA ellas se le sumar\u00e1n varias de la provincia de C\u00f3rdoba, como Leones, Bell Ville, Huinca Renanc\u00f3, entre otras, y en Show de la ciudad capital.<br \/>\nEste mi\u00e9rcoles en Todo a Pulm\u00f3n radio dialogamos con Fabi\u00e1n Morel, dirigente del Club Almagro y de la Asociaci\u00f3n Patin Zona Centro, sobre este certamen. Este es el audio:<\/p>\n<!--[if lt IE 9]><script>document.createElement('audio');<\/script><![endif]-->\n<audio class=\"wp-audio-shortcode\" id=\"audio-7347-1\" preload=\"none\" style=\"width: 100%;\" controls=\"controls\"><source type=\"audio\/mpeg\" src=\"http:\/\/todoapulmon-rafaela.com\/wp-content\/uploads\/2017\/06\/21-6-17-MOREL.mp3?_=1\" \/><a href=\"http:\/\/todoapulmon-rafaela.com\/wp-content\/uploads\/2017\/06\/21-6-17-MOREL.mp3\">http:\/\/todoapulmon-rafaela.com\/wp-content\/uploads\/2017\/06\/21-6-17-MOREL.mp3<\/a><\/audio>\n","protected":false},"excerpt":{"rendered":"<p>Este s\u00e1bado 24 y domingo 25 de junio se realizar\u00e1 en el sal\u00f3n gimnasio del Centro de Educaci\u00f3n F\u00edsica N\u00ba<\/p>\n","protected":false},"author":2,"featured_media":7348,"comment_status":"open","ping_status":"open","sticky":false,"template":"","format":"standard","meta":{"footnotes":""},"categories":[30],"tags":[],"class_list":["post-7347","post","type-post","status-publish","format-standard","has-post-thumbnail","hentry","category-patin"],"cc_featured_image_caption":{"caption_text":"Los grupos de Show de Almagro de nuestra ciudad ser\u00e1n protagonistas del Interprovincial.","source_text":"","source_url":""},"_links":{"self":[{"href":"https:\/\/todoapulmon-rafaela.com\/index.php\/wp-json\/wp\/v2\/posts\/7347"}],"collection":[{"href":"https:\/\/todoapulmon-rafaela.com\/index.php\/wp-json\/wp\/v2\/posts"}],"about":[{"href":"https:\/\/todoapulmon-rafaela.com\/index.php\/wp-json\/wp\/v2\/types\/post"}],"author":[{"embeddable":true,"href":"https:\/\/todoapulmon-rafaela.com\/index.php\/wp-json\/wp\/v2\/users\/2"}],"replies":[{"embeddable":true,"href":"https:\/\/todoapulmon-rafaela.com\/index.php\/wp-json\/wp\/v2\/comments?post=7347"}],"version-history":[{"count":2,"href":"https:\/\/todoapulmon-rafaela.com\/index.php\/wp-json\/wp\/v2\/posts\/7347\/revisions"}],"predecessor-version":[{"id":7351,"href":"https:\/\/todoapulmon-rafaela.com\/index.php\/wp-json\/wp\/v2\/posts\/7347\/revisions\/7351"}],"wp:featuredmedia":[{"embeddable":true,"href":"https:\/\/todoapulmon-rafaela.com\/index.php\/wp-json\/wp\/v2\/media\/7348"}],"wp:attachment":[{"href":"https:\/\/todoapulmon-rafaela.com\/index.php\/wp-json\/wp\/v2\/media?parent=7347"}],"wp:term":[{"taxonomy":"category","embeddable":true,"href":"https:\/\/todoapulmon-rafaela.com\/index.php\/wp-json\/wp\/v2\/categories?post=7347"},{"taxonomy":"post_tag","embeddable":true,"href":"https:\/\/todoapulmon-rafaela.com\/index.php\/wp-json\/wp\/v2\/tags?post=7347"}],"curies":[{"name":"wp","href":"https:\/\/api.w.org\/{rel}","templated":true}]}}